{"id":17011,"date":"2024-03-22T11:43:52","date_gmt":"2024-03-22T13:43:52","guid":{"rendered":"http:\/\/blog.cancaonova.com\/paisecatequistas\/?p=17011"},"modified":"2024-03-22T12:04:18","modified_gmt":"2024-03-22T14:04:18","slug":"sao-francisco-de-assis-e-o-leproso","status":"publish","type":"post","link":"https:\/\/blog.cancaonova.com\/paisecatequistas\/sao-francisco-de-assis-e-o-leproso\/","title":{"rendered":"S\u00e3o Francisco de Assis e o leproso"},"content":{"rendered":"<p>Tia Adelita nos conta a hist\u00f3ria de S\u00e3o Francisco de Assis, um Santo muito querido que viveu experi\u00eancias muito fortes com o amor de Deus e com o pr\u00f3ximo. A historia de hoje \u00e9 com um leproso. Vamos conhec\u00ea-la?<\/p>\n<p><iframe loading=\"lazy\" title=\"Quaresma CN Kids: S\u00c3\u00a3o Francisco de Assis\" width=\"600\" height=\"338\" src=\"https:\/\/www.youtube.com\/embed\/a03Pr5e11tc?feature=oembed&amp;rel=0\" frameborder=\"0\" allow=\"accelerometer; autoplay; clipboard-write; encrypted-media; gyroscope; picture-in-picture; web-share\" referrerpolicy=\"strict-origin-when-cross-origin\" allowfullscreen><\/iframe><\/p>\n","protected":false},"excerpt":{"rendered":"<p>Tia Adelita nos conta a hist\u00f3ria de S\u00e3o Francisco de Assis, um Santo muito querido e que viveu experi\u00eancias muito fortes com o amor de Deus e com o pr\u00f3ximo. A historia de hoje \u00e9 com um leproso, vamos conhecer? <a href=\"https:\/\/blog.cancaonova.com\/paisecatequistas\/sao-francisco-de-assis-e-o-leproso\/\">Continue lendo <span class=\"meta-nav\">&rarr;<\/span><\/a><\/p>\n","protected":false},"author":4340,"featured_media":17012,"comment_status":"open","ping_status":"open","sticky":false,"template":"","format":"standard","meta":{"_mi_skip_tracking":false,"_monsterinsights_sitenote_active":false,"_monsterinsights_sitenote_note":"","_monsterinsights_sitenote_category":0,"footnotes":""},"categories":[200710],"tags":[7841,16619,8001,16686,18235,23430],"_links":{"self":[{"href":"https:\/\/blog.cancaonova.com\/paisecatequistas\/wp-json\/wp\/v2\/posts\/17011"}],"collection":[{"href":"https:\/\/blog.cancaonova.com\/paisecatequistas\/wp-json\/wp\/v2\/posts"}],"about":[{"href":"https:\/\/blog.cancaonova.com\/paisecatequistas\/wp-json\/wp\/v2\/types\/post"}],"author":[{"embeddable":true,"href":"https:\/\/blog.cancaonova.com\/paisecatequistas\/wp-json\/wp\/v2\/users\/4340"}],"replies":[{"embeddable":true,"href":"https:\/\/blog.cancaonova.com\/paisecatequistas\/wp-json\/wp\/v2\/comments?post=17011"}],"version-history":[{"count":2,"href":"https:\/\/blog.cancaonova.com\/paisecatequistas\/wp-json\/wp\/v2\/posts\/17011\/revisions"}],"predecessor-version":[{"id":17014,"href":"https:\/\/blog.cancaonova.com\/paisecatequistas\/wp-json\/wp\/v2\/posts\/17011\/revisions\/17014"}],"wp:featuredmedia":[{"embeddable":true,"href":"https:\/\/blog.cancaonova.com\/paisecatequistas\/wp-json\/wp\/v2\/media\/17012"}],"wp:attachment":[{"href":"https:\/\/blog.cancaonova.com\/paisecatequistas\/wp-json\/wp\/v2\/media?parent=17011"}],"wp:term":[{"taxonomy":"category","embeddable":true,"href":"https:\/\/blog.cancaonova.com\/paisecatequistas\/wp-json\/wp\/v2\/categories?post=17011"},{"taxonomy":"post_tag","embeddable":true,"href":"https:\/\/blog.cancaonova.com\/paisecatequistas\/wp-json\/wp\/v2\/tags?post=17011"}],"curies":[{"name":"wp","href":"https:\/\/api.w.org\/{rel}","templated":true}]}}