{"id":17024,"date":"2024-03-25T09:19:48","date_gmt":"2024-03-25T11:19:48","guid":{"rendered":"http:\/\/blog.cancaonova.com\/paisecatequistas\/?p=17024"},"modified":"2025-04-08T10:57:37","modified_gmt":"2025-04-08T12:57:37","slug":"janjao-o-frasco-de-perfume","status":"publish","type":"post","link":"https:\/\/blog.cancaonova.com\/paisecatequistas\/janjao-o-frasco-de-perfume\/","title":{"rendered":"Janj\u00e3o | O frasco de perfume"},"content":{"rendered":"<p class=\"\" data-start=\"128\" data-end=\"447\">Jesus escolhe estar com amigos.<\/p>\n<p class=\"\" data-start=\"128\" data-end=\"447\">Em Bet\u00e2nia, na casa de L\u00e1zaro, Maria e Marta, vemos um momento \u00edntimo, cheio de gratid\u00e3o, amor e entrega. \u00c9 nesse clima de simplicidade e profundidade que acontece algo tocante: Maria unge os p\u00e9s de Jesus com um perfume precioso, gesto de rever\u00eancia e devo\u00e7\u00e3o.<\/p>\n<p class=\"\" data-start=\"449\" data-end=\"652\">Neste v\u00eddeo, vamos mergulhar nessa cena do Evangelho de Jo\u00e3o \u2014 um encontro que antecipa a P\u00e1scoa e nos convida a refletir sobre a presen\u00e7a de Jesus em nossas casas, em nossos gestos e em nossas escolhas.<\/p>\n<p><em>&#8220;Seis dias antes da P\u00e1scoa, Jesus foi \u00e0 Bet\u00e2nia, onde morava L\u00e1zaro, que Ele havia ressuscitado dos mortos. Ali, ofereceram a Jesus um jantar; Marta servia; e L\u00e1zaro era um dos que estavam \u00e0 mesa com Jesus. Maria, tomando quase meio litro de perfume de nardo puro e muito caro, ungiu os p\u00e9s de Jesus e enxugou-os com seus cabelos. A casa inteira ficou cheia do perfume do b\u00e1lsamo.&#8221;<\/em> (Jo\u00e3o 12,1-3)<\/p>\n<p><iframe loading=\"lazy\" title=\"Hist\u00c3\u00b3ria B\u00c3\u00adblica - Frasco de Perfume\" width=\"600\" height=\"338\" src=\"https:\/\/www.youtube.com\/embed\/V6zvYePO_tg?list=PLNlRgLhNKHifAxcK4dQO_asIAe3wM_1tO&amp;rel=0\" frameborder=\"0\" allow=\"accelerometer; autoplay; clipboard-write; encrypted-media; gyroscope; picture-in-picture; web-share\" referrerpolicy=\"strict-origin-when-cross-origin\" allowfullscreen><\/iframe><\/p>\n","protected":false},"excerpt":{"rendered":"<p>janj\u00e3o conta a historia da mulher que derrama um vidro de perfume em sua cabe\u00e7a. <a href=\"https:\/\/blog.cancaonova.com\/paisecatequistas\/janjao-o-frasco-de-perfume\/\">Continue lendo <span class=\"meta-nav\">&rarr;<\/span><\/a><\/p>\n","protected":false},"author":4340,"featured_media":17028,"comment_status":"closed","ping_status":"closed","sticky":false,"template":"","format":"standard","meta":{"_mi_skip_tracking":false,"_monsterinsights_sitenote_active":false,"_monsterinsights_sitenote_note":"","_monsterinsights_sitenote_category":0,"footnotes":""},"categories":[200710],"tags":[211,9121,5011,16619,20654,231,20656,18162],"_links":{"self":[{"href":"https:\/\/blog.cancaonova.com\/paisecatequistas\/wp-json\/wp\/v2\/posts\/17024"}],"collection":[{"href":"https:\/\/blog.cancaonova.com\/paisecatequistas\/wp-json\/wp\/v2\/posts"}],"about":[{"href":"https:\/\/blog.cancaonova.com\/paisecatequistas\/wp-json\/wp\/v2\/types\/post"}],"author":[{"embeddable":true,"href":"https:\/\/blog.cancaonova.com\/paisecatequistas\/wp-json\/wp\/v2\/users\/4340"}],"replies":[{"embeddable":true,"href":"https:\/\/blog.cancaonova.com\/paisecatequistas\/wp-json\/wp\/v2\/comments?post=17024"}],"version-history":[{"count":6,"href":"https:\/\/blog.cancaonova.com\/paisecatequistas\/wp-json\/wp\/v2\/posts\/17024\/revisions"}],"predecessor-version":[{"id":18736,"href":"https:\/\/blog.cancaonova.com\/paisecatequistas\/wp-json\/wp\/v2\/posts\/17024\/revisions\/18736"}],"wp:featuredmedia":[{"embeddable":true,"href":"https:\/\/blog.cancaonova.com\/paisecatequistas\/wp-json\/wp\/v2\/media\/17028"}],"wp:attachment":[{"href":"https:\/\/blog.cancaonova.com\/paisecatequistas\/wp-json\/wp\/v2\/media?parent=17024"}],"wp:term":[{"taxonomy":"category","embeddable":true,"href":"https:\/\/blog.cancaonova.com\/paisecatequistas\/wp-json\/wp\/v2\/categories?post=17024"},{"taxonomy":"post_tag","embeddable":true,"href":"https:\/\/blog.cancaonova.com\/paisecatequistas\/wp-json\/wp\/v2\/tags?post=17024"}],"curies":[{"name":"wp","href":"https:\/\/api.w.org\/{rel}","templated":true}]}}