{"id":17038,"date":"2024-03-25T13:34:23","date_gmt":"2024-03-25T15:34:23","guid":{"rendered":"http:\/\/blog.cancaonova.com\/paisecatequistas\/?p=17038"},"modified":"2025-04-08T14:25:37","modified_gmt":"2025-04-08T16:25:37","slug":"pascoa-crista-e-judaica-2","status":"publish","type":"post","link":"https:\/\/blog.cancaonova.com\/paisecatequistas\/pascoa-crista-e-judaica-2\/","title":{"rendered":"P\u00e1scoa crist\u00e3 e judaica"},"content":{"rendered":"<p><strong>P\u00e1scoa<\/strong> em hebraico significa <strong>Passagem.<\/strong><\/p>\n<p>Para n\u00f3s, crist\u00e3os, o centro da P\u00e1scoa \u00e9 Jesus, ela se inicia na festa do Domingo de Ramos e se estende at\u00e9 o Domingo da Ressurrei\u00e7\u00e3o do Senhor. Ao entrar em Jerusal\u00e9m para celebrar a P\u00e1scoa Judaica, Jesus faz mem\u00f3ria da grande passagem e liberta\u00e7\u00e3o do povo judeu, maltratado no Egito, para a Terra Prometida, atrav\u00e9s da travessia do Mar Vermelho.<\/p>\n<p>&nbsp;<\/p>\n<p><a href=\"http:\/\/blog.cancaonova.com\/paisecatequistas\/files\/2024\/03\/04-e-05.png\"><img loading=\"lazy\" decoding=\"async\" class=\"alignright size-full wp-image-17043\" src=\"http:\/\/blog.cancaonova.com\/paisecatequistas\/files\/2024\/03\/04-e-05.png\" alt=\"\" width=\"1653\" height=\"1818\" srcset=\"https:\/\/blog.cancaonova.com\/paisecatequistas\/files\/2024\/03\/04-e-05.png 1653w, https:\/\/blog.cancaonova.com\/paisecatequistas\/files\/2024\/03\/04-e-05-273x300.png 273w, https:\/\/blog.cancaonova.com\/paisecatequistas\/files\/2024\/03\/04-e-05-768x845.png 768w\" sizes=\"(max-width: 1653px) 100vw, 1653px\" \/><\/a> <a href=\"http:\/\/blog.cancaonova.com\/paisecatequistas\/files\/2024\/03\/10-e-11.png\"><img loading=\"lazy\" decoding=\"async\" class=\"alignright size-full wp-image-17046\" src=\"http:\/\/blog.cancaonova.com\/paisecatequistas\/files\/2024\/03\/10-e-11.png\" alt=\"\" width=\"1654\" height=\"1542\" srcset=\"https:\/\/blog.cancaonova.com\/paisecatequistas\/files\/2024\/03\/10-e-11.png 1654w, https:\/\/blog.cancaonova.com\/paisecatequistas\/files\/2024\/03\/10-e-11-300x280.png 300w, https:\/\/blog.cancaonova.com\/paisecatequistas\/files\/2024\/03\/10-e-11-768x716.png 768w\" sizes=\"(max-width: 1654px) 100vw, 1654px\" \/><\/a> <a href=\"http:\/\/blog.cancaonova.com\/paisecatequistas\/files\/2024\/03\/10-e-11-1.png\"><img loading=\"lazy\" decoding=\"async\" class=\"alignright size-full wp-image-17047\" src=\"http:\/\/blog.cancaonova.com\/paisecatequistas\/files\/2024\/03\/10-e-11-1.png\" alt=\"\" width=\"1682\" height=\"2539\" srcset=\"https:\/\/blog.cancaonova.com\/paisecatequistas\/files\/2024\/03\/10-e-11-1.png 1682w, https:\/\/blog.cancaonova.com\/paisecatequistas\/files\/2024\/03\/10-e-11-1-199x300.png 199w, https:\/\/blog.cancaonova.com\/paisecatequistas\/files\/2024\/03\/10-e-11-1-768x1159.png 768w\" sizes=\"(max-width: 1682px) 100vw, 1682px\" \/><\/a><\/p>\n<p>&nbsp;<\/p>\n<p>&nbsp;<\/p>\n","protected":false},"excerpt":{"rendered":"<p>Para n\u00f3s crist\u00e3os, o centro da P\u00e1scoa \u00e9 Jesus, ela se inicia na festa do Domingo de Ramos e se estende at\u00e9 o Domingo da Ressurrei\u00e7\u00e3o do Senhor! Ao entrar em Jerusal\u00e9m para celebrar a P\u00e1scoa Judaica, Jesus faz mem\u00f3ria da grande passagem e liberta\u00e7\u00e3o do povo judeu, maltratado no Egito, para a Terra Prometida, atrav\u00e9s da travessia do Mar Vermelho. <a href=\"https:\/\/blog.cancaonova.com\/paisecatequistas\/pascoa-crista-e-judaica-2\/\">Continue lendo <span class=\"meta-nav\">&rarr;<\/span><\/a><\/p>\n","protected":false},"author":4340,"featured_media":17064,"comment_status":"closed","ping_status":"closed","sticky":false,"template":"","format":"standard","meta":{"_mi_skip_tracking":false,"_monsterinsights_sitenote_active":false,"_monsterinsights_sitenote_note":"","_monsterinsights_sitenote_category":0,"footnotes":""},"categories":[200710,17234],"tags":[16619,8001,18273,31401,17234,289624,289625,289623],"_links":{"self":[{"href":"https:\/\/blog.cancaonova.com\/paisecatequistas\/wp-json\/wp\/v2\/posts\/17038"}],"collection":[{"href":"https:\/\/blog.cancaonova.com\/paisecatequistas\/wp-json\/wp\/v2\/posts"}],"about":[{"href":"https:\/\/blog.cancaonova.com\/paisecatequistas\/wp-json\/wp\/v2\/types\/post"}],"author":[{"embeddable":true,"href":"https:\/\/blog.cancaonova.com\/paisecatequistas\/wp-json\/wp\/v2\/users\/4340"}],"replies":[{"embeddable":true,"href":"https:\/\/blog.cancaonova.com\/paisecatequistas\/wp-json\/wp\/v2\/comments?post=17038"}],"version-history":[{"count":6,"href":"https:\/\/blog.cancaonova.com\/paisecatequistas\/wp-json\/wp\/v2\/posts\/17038\/revisions"}],"predecessor-version":[{"id":18742,"href":"https:\/\/blog.cancaonova.com\/paisecatequistas\/wp-json\/wp\/v2\/posts\/17038\/revisions\/18742"}],"wp:featuredmedia":[{"embeddable":true,"href":"https:\/\/blog.cancaonova.com\/paisecatequistas\/wp-json\/wp\/v2\/media\/17064"}],"wp:attachment":[{"href":"https:\/\/blog.cancaonova.com\/paisecatequistas\/wp-json\/wp\/v2\/media?parent=17038"}],"wp:term":[{"taxonomy":"category","embeddable":true,"href":"https:\/\/blog.cancaonova.com\/paisecatequistas\/wp-json\/wp\/v2\/categories?post=17038"},{"taxonomy":"post_tag","embeddable":true,"href":"https:\/\/blog.cancaonova.com\/paisecatequistas\/wp-json\/wp\/v2\/tags?post=17038"}],"curies":[{"name":"wp","href":"https:\/\/api.w.org\/{rel}","templated":true}]}}