{"id":17086,"date":"2024-03-27T13:05:49","date_gmt":"2024-03-27T15:05:49","guid":{"rendered":"http:\/\/blog.cancaonova.com\/paisecatequistas\/?p=17086"},"modified":"2026-03-31T10:46:53","modified_gmt":"2026-03-31T12:46:53","slug":"7-dores-de-nossa-senhora","status":"publish","type":"post","link":"https:\/\/blog.cancaonova.com\/paisecatequistas\/7-dores-de-nossa-senhora\/","title":{"rendered":"Maria aos p\u00e9s da cruz"},"content":{"rendered":"<h3>Na cruz, Maria, a M\u00e3e de Jesus, tornou-se a nossa M\u00e3e tamb\u00e9m<\/h3>\n<p>Na hora em que todos que amavam Jesus estavam com a f\u00e9 abalada, Ele confiou o cora\u00e7\u00e3o de todo mundo a Maria, Sua M\u00e3e, porque Ela foi a primeira a acreditar, por isso sua f\u00e9 n\u00e3o diminui nunca! Maria \u00e9 um modelo de f\u00e9.<\/p>\n<p>Imagine o cora\u00e7\u00e3o ferido de Nossa Senhora, dilatando (ficando maior) para caber todos os homens e am\u00e1-los como amou seu Filho, Jesus? Foi o que aconteceu aos p\u00e9s da cruz.<\/p>\n<p><a href=\"http:\/\/blog.cancaonova.com\/paisecatequistas\/files\/2024\/03\/aospesdacruz.png\"><img loading=\"lazy\" decoding=\"async\" class=\"wp-image-17093 alignnone\" src=\"http:\/\/blog.cancaonova.com\/paisecatequistas\/files\/2024\/03\/aospesdacruz.png\" alt=\"\" width=\"709\" height=\"709\" srcset=\"https:\/\/blog.cancaonova.com\/paisecatequistas\/files\/2024\/03\/aospesdacruz.png 1080w, https:\/\/blog.cancaonova.com\/paisecatequistas\/files\/2024\/03\/aospesdacruz-150x150.png 150w, https:\/\/blog.cancaonova.com\/paisecatequistas\/files\/2024\/03\/aospesdacruz-300x300.png 300w, https:\/\/blog.cancaonova.com\/paisecatequistas\/files\/2024\/03\/aospesdacruz-768x768.png 768w\" sizes=\"(max-width: 709px) 100vw, 709px\" \/><\/a><\/p>\n<p><a href=\"http:\/\/blog.cancaonova.com\/paisecatequistas\/files\/2024\/03\/as-7-dores3-1.jpg\"><img loading=\"lazy\" decoding=\"async\" class=\"wp-image-17100 alignnone\" src=\"http:\/\/blog.cancaonova.com\/paisecatequistas\/files\/2024\/03\/as-7-dores3-1.jpg\" alt=\"\" width=\"987\" height=\"1396\" srcset=\"https:\/\/blog.cancaonova.com\/paisecatequistas\/files\/2024\/03\/as-7-dores3-1.jpg 1414w, https:\/\/blog.cancaonova.com\/paisecatequistas\/files\/2024\/03\/as-7-dores3-1-212x300.jpg 212w, https:\/\/blog.cancaonova.com\/paisecatequistas\/files\/2024\/03\/as-7-dores3-1-768x1086.jpg 768w\" sizes=\"(max-width: 987px) 100vw, 987px\" \/><\/a><\/p>\n<p><a href=\"http:\/\/blog.cancaonova.com\/paisecatequistas\/files\/2024\/03\/as-7-dores2.jpg\"><img loading=\"lazy\" decoding=\"async\" class=\"wp-image-17095 alignnone\" src=\"http:\/\/blog.cancaonova.com\/paisecatequistas\/files\/2024\/03\/as-7-dores2.jpg\" alt=\"\" width=\"994\" height=\"1406\" srcset=\"https:\/\/blog.cancaonova.com\/paisecatequistas\/files\/2024\/03\/as-7-dores2.jpg 1414w, https:\/\/blog.cancaonova.com\/paisecatequistas\/files\/2024\/03\/as-7-dores2-212x300.jpg 212w, https:\/\/blog.cancaonova.com\/paisecatequistas\/files\/2024\/03\/as-7-dores2-768x1086.jpg 768w\" sizes=\"(max-width: 994px) 100vw, 994px\" \/><\/a><\/p>\n<p><a href=\"http:\/\/blog.cancaonova.com\/paisecatequistas\/files\/2024\/03\/as-7-dores3.jpg\"><img loading=\"lazy\" decoding=\"async\" class=\" wp-image-17097 alignnone\" src=\"http:\/\/blog.cancaonova.com\/paisecatequistas\/files\/2024\/03\/as-7-dores3.jpg\" alt=\"\" width=\"1033\" height=\"1461\" srcset=\"https:\/\/blog.cancaonova.com\/paisecatequistas\/files\/2024\/03\/as-7-dores3.jpg 1414w, https:\/\/blog.cancaonova.com\/paisecatequistas\/files\/2024\/03\/as-7-dores3-212x300.jpg 212w, https:\/\/blog.cancaonova.com\/paisecatequistas\/files\/2024\/03\/as-7-dores3-768x1086.jpg 768w\" sizes=\"(max-width: 1033px) 100vw, 1033px\" \/><\/a><\/p>\n<p>&nbsp;<\/p>\n","protected":false},"excerpt":{"rendered":"<p>Na cruz, Maria a M\u00e3e de Jesus, tornou a nossa m\u00e3e tamb\u00e9m!<br \/>\nNa hora em que todos que amavam Jesus estavam com a f\u00e9 abalada, Jesus confiou o cora\u00e7\u00e3o de todo mundo a Maria, sua m\u00e3e, porque Ela foi a 1\u00aa a acreditar e por isso sua f\u00e9 n\u00e3o diminui nunca! Maria \u00e9 um modelo de f\u00e9! <a href=\"https:\/\/blog.cancaonova.com\/paisecatequistas\/7-dores-de-nossa-senhora\/\">Continue lendo <span class=\"meta-nav\">&rarr;<\/span><\/a><\/p>\n","protected":false},"author":4340,"featured_media":17099,"comment_status":"closed","ping_status":"closed","sticky":false,"template":"","format":"standard","meta":{"_mi_skip_tracking":false,"_monsterinsights_sitenote_active":false,"_monsterinsights_sitenote_note":"","_monsterinsights_sitenote_category":0,"footnotes":""},"categories":[200710],"tags":[],"_links":{"self":[{"href":"https:\/\/blog.cancaonova.com\/paisecatequistas\/wp-json\/wp\/v2\/posts\/17086"}],"collection":[{"href":"https:\/\/blog.cancaonova.com\/paisecatequistas\/wp-json\/wp\/v2\/posts"}],"about":[{"href":"https:\/\/blog.cancaonova.com\/paisecatequistas\/wp-json\/wp\/v2\/types\/post"}],"author":[{"embeddable":true,"href":"https:\/\/blog.cancaonova.com\/paisecatequistas\/wp-json\/wp\/v2\/users\/4340"}],"replies":[{"embeddable":true,"href":"https:\/\/blog.cancaonova.com\/paisecatequistas\/wp-json\/wp\/v2\/comments?post=17086"}],"version-history":[{"count":8,"href":"https:\/\/blog.cancaonova.com\/paisecatequistas\/wp-json\/wp\/v2\/posts\/17086\/revisions"}],"predecessor-version":[{"id":20286,"href":"https:\/\/blog.cancaonova.com\/paisecatequistas\/wp-json\/wp\/v2\/posts\/17086\/revisions\/20286"}],"wp:featuredmedia":[{"embeddable":true,"href":"https:\/\/blog.cancaonova.com\/paisecatequistas\/wp-json\/wp\/v2\/media\/17099"}],"wp:attachment":[{"href":"https:\/\/blog.cancaonova.com\/paisecatequistas\/wp-json\/wp\/v2\/media?parent=17086"}],"wp:term":[{"taxonomy":"category","embeddable":true,"href":"https:\/\/blog.cancaonova.com\/paisecatequistas\/wp-json\/wp\/v2\/categories?post=17086"},{"taxonomy":"post_tag","embeddable":true,"href":"https:\/\/blog.cancaonova.com\/paisecatequistas\/wp-json\/wp\/v2\/tags?post=17086"}],"curies":[{"name":"wp","href":"https:\/\/api.w.org\/{rel}","templated":true}]}}