{"id":17089,"date":"2024-03-27T12:07:27","date_gmt":"2024-03-27T14:07:27","guid":{"rendered":"http:\/\/blog.cancaonova.com\/paisecatequistas\/?p=17089"},"modified":"2024-03-27T12:42:22","modified_gmt":"2024-03-27T14:42:22","slug":"via-sacra-com-padre-jonas-abib","status":"publish","type":"post","link":"https:\/\/blog.cancaonova.com\/paisecatequistas\/via-sacra-com-padre-jonas-abib\/","title":{"rendered":"A Via-Sacra com Padre Jonas Abib"},"content":{"rendered":"<p>Uma linda Via-Sacra com a narra\u00e7\u00e3o de padre Jonas Abib s\u00f3 para as crian\u00e7as:<\/p>\n<p><iframe loading=\"lazy\" title=\"Pe. Jonas ensina: A via - Sacra\" width=\"600\" height=\"338\" src=\"https:\/\/www.youtube.com\/embed\/k07NjinImug?feature=oembed&amp;rel=0\" frameborder=\"0\" allow=\"accelerometer; autoplay; clipboard-write; encrypted-media; gyroscope; picture-in-picture; web-share\" referrerpolicy=\"strict-origin-when-cross-origin\" allowfullscreen><\/iframe><\/p>\n","protected":false},"excerpt":{"rendered":"<p>Uma linda Via-Sacra com a narra\u00e7\u00e3o de Pe. Jonas Abib s\u00f3 para as crian\u00e7as <a href=\"https:\/\/blog.cancaonova.com\/paisecatequistas\/via-sacra-com-padre-jonas-abib\/\">Continue lendo <span class=\"meta-nav\">&rarr;<\/span><\/a><\/p>\n","protected":false},"author":4340,"featured_media":17090,"comment_status":"open","ping_status":"open","sticky":false,"template":"","format":"standard","meta":{"_mi_skip_tracking":false,"_monsterinsights_sitenote_active":false,"_monsterinsights_sitenote_note":"","_monsterinsights_sitenote_category":0,"footnotes":""},"categories":[200710],"tags":[16619,15792,8181,18208],"_links":{"self":[{"href":"https:\/\/blog.cancaonova.com\/paisecatequistas\/wp-json\/wp\/v2\/posts\/17089"}],"collection":[{"href":"https:\/\/blog.cancaonova.com\/paisecatequistas\/wp-json\/wp\/v2\/posts"}],"about":[{"href":"https:\/\/blog.cancaonova.com\/paisecatequistas\/wp-json\/wp\/v2\/types\/post"}],"author":[{"embeddable":true,"href":"https:\/\/blog.cancaonova.com\/paisecatequistas\/wp-json\/wp\/v2\/users\/4340"}],"replies":[{"embeddable":true,"href":"https:\/\/blog.cancaonova.com\/paisecatequistas\/wp-json\/wp\/v2\/comments?post=17089"}],"version-history":[{"count":3,"href":"https:\/\/blog.cancaonova.com\/paisecatequistas\/wp-json\/wp\/v2\/posts\/17089\/revisions"}],"predecessor-version":[{"id":18629,"href":"https:\/\/blog.cancaonova.com\/paisecatequistas\/wp-json\/wp\/v2\/posts\/17089\/revisions\/18629"}],"wp:featuredmedia":[{"embeddable":true,"href":"https:\/\/blog.cancaonova.com\/paisecatequistas\/wp-json\/wp\/v2\/media\/17090"}],"wp:attachment":[{"href":"https:\/\/blog.cancaonova.com\/paisecatequistas\/wp-json\/wp\/v2\/media?parent=17089"}],"wp:term":[{"taxonomy":"category","embeddable":true,"href":"https:\/\/blog.cancaonova.com\/paisecatequistas\/wp-json\/wp\/v2\/categories?post=17089"},{"taxonomy":"post_tag","embeddable":true,"href":"https:\/\/blog.cancaonova.com\/paisecatequistas\/wp-json\/wp\/v2\/tags?post=17089"}],"curies":[{"name":"wp","href":"https:\/\/api.w.org\/{rel}","templated":true}]}}