{"id":17123,"date":"2024-04-02T11:12:59","date_gmt":"2024-04-02T13:12:59","guid":{"rendered":"http:\/\/blog.cancaonova.com\/paisecatequistas\/?p=17123"},"modified":"2025-04-02T14:45:00","modified_gmt":"2025-04-02T16:45:00","slug":"historia-da-pascoa-contada-por-criancas","status":"publish","type":"post","link":"https:\/\/blog.cancaonova.com\/paisecatequistas\/historia-da-pascoa-contada-por-criancas\/","title":{"rendered":"A Hist\u00f3ria da P\u00e1scoa contada por crian\u00e7as"},"content":{"rendered":"<p class=\"\" data-start=\"105\" data-end=\"341\">Neste v\u00eddeo especial, voc\u00ea vai se encantar com a maneira terna e espont\u00e2nea com que as crian\u00e7as contam a hist\u00f3ria da P\u00e1scoa\u00a0 e seu verdadeiro significado. Com muita criatividade e simplicidade, elas compartilham o que entenderam sobre esse momento t\u00e3o importante para os crist\u00e3os.<\/p>\n<p class=\"\" data-start=\"343\" data-end=\"465\">Prepare-se para sorrir, emocionar-se e ver a P\u00e1scoa contada pelas crian\u00e7as!<\/p>\n<p><iframe loading=\"lazy\" title=\"A Hist\u00c3\u00b3ria da P\u00c3\u00a1scoa\" width=\"600\" height=\"338\" src=\"https:\/\/www.youtube.com\/embed\/zNunbEsrezY?feature=oembed&amp;rel=0\" frameborder=\"0\" allow=\"accelerometer; autoplay; clipboard-write; encrypted-media; gyroscope; picture-in-picture; web-share\" referrerpolicy=\"strict-origin-when-cross-origin\" allowfullscreen><\/iframe><\/p>\n","protected":false},"excerpt":{"rendered":"<p>Crian\u00e7as contam a\u00a0 hist\u00f3ria da P\u00e1scoa! <a href=\"https:\/\/blog.cancaonova.com\/paisecatequistas\/historia-da-pascoa-contada-por-criancas\/\">Continue lendo <span class=\"meta-nav\">&rarr;<\/span><\/a><\/p>\n","protected":false},"author":4340,"featured_media":17126,"comment_status":"closed","ping_status":"closed","sticky":false,"template":"","format":"standard","meta":{"_mi_skip_tracking":false,"_monsterinsights_sitenote_active":false,"_monsterinsights_sitenote_note":"","_monsterinsights_sitenote_category":0,"footnotes":""},"categories":[1],"tags":[],"_links":{"self":[{"href":"https:\/\/blog.cancaonova.com\/paisecatequistas\/wp-json\/wp\/v2\/posts\/17123"}],"collection":[{"href":"https:\/\/blog.cancaonova.com\/paisecatequistas\/wp-json\/wp\/v2\/posts"}],"about":[{"href":"https:\/\/blog.cancaonova.com\/paisecatequistas\/wp-json\/wp\/v2\/types\/post"}],"author":[{"embeddable":true,"href":"https:\/\/blog.cancaonova.com\/paisecatequistas\/wp-json\/wp\/v2\/users\/4340"}],"replies":[{"embeddable":true,"href":"https:\/\/blog.cancaonova.com\/paisecatequistas\/wp-json\/wp\/v2\/comments?post=17123"}],"version-history":[{"count":7,"href":"https:\/\/blog.cancaonova.com\/paisecatequistas\/wp-json\/wp\/v2\/posts\/17123\/revisions"}],"predecessor-version":[{"id":18729,"href":"https:\/\/blog.cancaonova.com\/paisecatequistas\/wp-json\/wp\/v2\/posts\/17123\/revisions\/18729"}],"wp:featuredmedia":[{"embeddable":true,"href":"https:\/\/blog.cancaonova.com\/paisecatequistas\/wp-json\/wp\/v2\/media\/17126"}],"wp:attachment":[{"href":"https:\/\/blog.cancaonova.com\/paisecatequistas\/wp-json\/wp\/v2\/media?parent=17123"}],"wp:term":[{"taxonomy":"category","embeddable":true,"href":"https:\/\/blog.cancaonova.com\/paisecatequistas\/wp-json\/wp\/v2\/categories?post=17123"},{"taxonomy":"post_tag","embeddable":true,"href":"https:\/\/blog.cancaonova.com\/paisecatequistas\/wp-json\/wp\/v2\/tags?post=17123"}],"curies":[{"name":"wp","href":"https:\/\/api.w.org\/{rel}","templated":true}]}}