{"id":17131,"date":"2024-04-02T14:56:52","date_gmt":"2024-04-02T16:56:52","guid":{"rendered":"http:\/\/blog.cancaonova.com\/paisecatequistas\/?p=17131"},"modified":"2024-04-02T16:01:54","modified_gmt":"2024-04-02T18:01:54","slug":"o-caminho-da-misericordia","status":"publish","type":"post","link":"https:\/\/blog.cancaonova.com\/paisecatequistas\/o-caminho-da-misericordia\/","title":{"rendered":"O Caminho da Miseric\u00f3rdia"},"content":{"rendered":"<p>Em abril, a Revista Can\u00e7\u00e3o Nova Kids apresenta aos pequeninos mais um local muito especial da Can\u00e7\u00e3o Nova, o Caminho da Miseric\u00f3rdia. Al\u00e9m disso, as crian\u00e7as v\u00e3o se divertir muito com os jogos e brincadeiras, sem deixar a evangeliza\u00e7\u00e3o de lado, com ora\u00e7\u00f5es e a catequese com Papa Francisco.<\/p>\n<p><a href=\"https:\/\/img.cancaonova.com\/cnimages\/canais\/uploads\/sites\/12\/2024\/03\/Revista-Kids-Abril-2024-Site.pdf\" target=\"_blank\" rel=\"noopener\"><img loading=\"lazy\" decoding=\"async\" class=\"aligncenter wp-image-105028 size-large\" src=\"https:\/\/img.cancaonova.com\/cnimages\/canais\/uploads\/sites\/12\/2024\/03\/Capa-Revista-Kids-1920x1080-600x300.jpg\" alt=\"\" width=\"600\" height=\"300\" \/><\/a><\/p>\n<p>Confira a pr\u00e9via de abril :\u00a0<a href=\"https:\/\/img.cancaonova.com\/cnimages\/canais\/uploads\/sites\/12\/2024\/03\/Revista-Kids-Abril-2024-Site.pdf\" target=\"_blank\" rel=\"noopener\">Revista Kids \u2013 Abril 2024<\/a><\/p>\n<p>Um conte\u00fado especial que diverte e evangeliza os pequeninos!<\/p>\n<p><strong>Acesse: <a href=\"https:\/\/clube.cancaonova.com\/\">Clube da Evangeliza\u00e7\u00e3o<\/a><br \/>\nPela f\u00e9, somos fam\u00edlia!<\/strong><\/p>\n<p><iframe loading=\"lazy\" title=\"Revista Can\u00c3\u00a7\u00c3\u00a3o Nova Kids - Montagem do caminho da Miseric\u00c3\u00b3rdia\" width=\"600\" height=\"338\" src=\"https:\/\/www.youtube.com\/embed\/V2NHeefmPUU?feature=oembed&amp;rel=0\" frameborder=\"0\" allow=\"accelerometer; autoplay; clipboard-write; encrypted-media; gyroscope; picture-in-picture; web-share\" referrerpolicy=\"strict-origin-when-cross-origin\" allowfullscreen><\/iframe><\/p>\n","protected":false},"excerpt":{"rendered":"<p>Em abril, a Revista Can\u00e7\u00e3o Nova Kids apresenta aos pequeninos mais um local muito especial da Can\u00e7\u00e3o Nova, o Caminho da Miseric\u00f3rdia. Al\u00e9m disso, as crian\u00e7as v\u00e3o se divertir muito com os jogos e brincadeiras, sem deixar a evangeliza\u00e7\u00e3o de lado, com ora\u00e7\u00f5es e a catequese com Papa Francisco. <a href=\"https:\/\/blog.cancaonova.com\/paisecatequistas\/o-caminho-da-misericordia\/\">Continue lendo <span class=\"meta-nav\">&rarr;<\/span><\/a><\/p>\n","protected":false},"author":4340,"featured_media":17133,"comment_status":"open","ping_status":"open","sticky":false,"template":"","format":"standard","meta":{"_mi_skip_tracking":false,"_monsterinsights_sitenote_active":false,"_monsterinsights_sitenote_note":"","_monsterinsights_sitenote_category":0,"footnotes":""},"categories":[200710],"tags":[],"_links":{"self":[{"href":"https:\/\/blog.cancaonova.com\/paisecatequistas\/wp-json\/wp\/v2\/posts\/17131"}],"collection":[{"href":"https:\/\/blog.cancaonova.com\/paisecatequistas\/wp-json\/wp\/v2\/posts"}],"about":[{"href":"https:\/\/blog.cancaonova.com\/paisecatequistas\/wp-json\/wp\/v2\/types\/post"}],"author":[{"embeddable":true,"href":"https:\/\/blog.cancaonova.com\/paisecatequistas\/wp-json\/wp\/v2\/users\/4340"}],"replies":[{"embeddable":true,"href":"https:\/\/blog.cancaonova.com\/paisecatequistas\/wp-json\/wp\/v2\/comments?post=17131"}],"version-history":[{"count":5,"href":"https:\/\/blog.cancaonova.com\/paisecatequistas\/wp-json\/wp\/v2\/posts\/17131\/revisions"}],"predecessor-version":[{"id":17215,"href":"https:\/\/blog.cancaonova.com\/paisecatequistas\/wp-json\/wp\/v2\/posts\/17131\/revisions\/17215"}],"wp:featuredmedia":[{"embeddable":true,"href":"https:\/\/blog.cancaonova.com\/paisecatequistas\/wp-json\/wp\/v2\/media\/17133"}],"wp:attachment":[{"href":"https:\/\/blog.cancaonova.com\/paisecatequistas\/wp-json\/wp\/v2\/media?parent=17131"}],"wp:term":[{"taxonomy":"category","embeddable":true,"href":"https:\/\/blog.cancaonova.com\/paisecatequistas\/wp-json\/wp\/v2\/categories?post=17131"},{"taxonomy":"post_tag","embeddable":true,"href":"https:\/\/blog.cancaonova.com\/paisecatequistas\/wp-json\/wp\/v2\/tags?post=17131"}],"curies":[{"name":"wp","href":"https:\/\/api.w.org\/{rel}","templated":true}]}}