{"id":17177,"date":"2024-04-17T10:14:41","date_gmt":"2024-04-17T12:14:41","guid":{"rendered":"http:\/\/blog.cancaonova.com\/paisecatequistas\/?p=17177"},"modified":"2024-04-17T11:31:16","modified_gmt":"2024-04-17T13:31:16","slug":"vamos-montar-juntos-o-caminho-da-misericordia","status":"publish","type":"post","link":"https:\/\/blog.cancaonova.com\/paisecatequistas\/vamos-montar-juntos-o-caminho-da-misericordia\/","title":{"rendered":"Vamos montar juntos o Caminho da Miseric\u00f3rdia?"},"content":{"rendered":"<p>Vamos juntos montar o &#8220;Caminho da Miseric\u00f3rdia&#8221;, que veio na Revista Can\u00e7\u00e3o Nova Kids de abril?<\/p>\n<p><iframe loading=\"lazy\" title=\"Revista Can\u00c3\u00a7\u00c3\u00a3o Nova Kids - Montagem do caminho da Miseric\u00c3\u00b3rdia\" width=\"600\" height=\"338\" src=\"https:\/\/www.youtube.com\/embed\/V2NHeefmPUU?feature=oembed&amp;rel=0\" frameborder=\"0\" allow=\"accelerometer; autoplay; clipboard-write; encrypted-media; gyroscope; picture-in-picture; web-share\" referrerpolicy=\"strict-origin-when-cross-origin\" allowfullscreen><\/iframe><\/p>\n","protected":false},"excerpt":{"rendered":"<p>Vamos juntos montar o &#8220;Caminho da Miseric\u00f3rdia&#8221; que veio na Revista Can\u00e7\u00e3o Nova Kids de Abril?\u00a0 <a href=\"https:\/\/blog.cancaonova.com\/paisecatequistas\/vamos-montar-juntos-o-caminho-da-misericordia\/\">Continue lendo <span class=\"meta-nav\">&rarr;<\/span><\/a><\/p>\n","protected":false},"author":4340,"featured_media":0,"comment_status":"open","ping_status":"open","sticky":false,"template":"","format":"standard","meta":{"_mi_skip_tracking":false,"_monsterinsights_sitenote_active":false,"_monsterinsights_sitenote_note":"","_monsterinsights_sitenote_category":0,"footnotes":""},"categories":[200710],"tags":[12001,289627,34799,15901,219044],"_links":{"self":[{"href":"https:\/\/blog.cancaonova.com\/paisecatequistas\/wp-json\/wp\/v2\/posts\/17177"}],"collection":[{"href":"https:\/\/blog.cancaonova.com\/paisecatequistas\/wp-json\/wp\/v2\/posts"}],"about":[{"href":"https:\/\/blog.cancaonova.com\/paisecatequistas\/wp-json\/wp\/v2\/types\/post"}],"author":[{"embeddable":true,"href":"https:\/\/blog.cancaonova.com\/paisecatequistas\/wp-json\/wp\/v2\/users\/4340"}],"replies":[{"embeddable":true,"href":"https:\/\/blog.cancaonova.com\/paisecatequistas\/wp-json\/wp\/v2\/comments?post=17177"}],"version-history":[{"count":2,"href":"https:\/\/blog.cancaonova.com\/paisecatequistas\/wp-json\/wp\/v2\/posts\/17177\/revisions"}],"predecessor-version":[{"id":17180,"href":"https:\/\/blog.cancaonova.com\/paisecatequistas\/wp-json\/wp\/v2\/posts\/17177\/revisions\/17180"}],"wp:attachment":[{"href":"https:\/\/blog.cancaonova.com\/paisecatequistas\/wp-json\/wp\/v2\/media?parent=17177"}],"wp:term":[{"taxonomy":"category","embeddable":true,"href":"https:\/\/blog.cancaonova.com\/paisecatequistas\/wp-json\/wp\/v2\/categories?post=17177"},{"taxonomy":"post_tag","embeddable":true,"href":"https:\/\/blog.cancaonova.com\/paisecatequistas\/wp-json\/wp\/v2\/tags?post=17177"}],"curies":[{"name":"wp","href":"https:\/\/api.w.org\/{rel}","templated":true}]}}