{"id":17206,"date":"2024-04-22T14:33:26","date_gmt":"2024-04-22T16:33:26","guid":{"rendered":"http:\/\/blog.cancaonova.com\/paisecatequistas\/?p=17206"},"modified":"2025-04-01T15:12:31","modified_gmt":"2025-04-01T17:12:31","slug":"primeira-missa-celebrada-no-brasil","status":"publish","type":"post","link":"https:\/\/blog.cancaonova.com\/paisecatequistas\/primeira-missa-celebrada-no-brasil\/","title":{"rendered":"A Primeira Missa Celebrada no Brasil"},"content":{"rendered":"<h4>Um Domingo de P\u00e1scoa<\/h4>\n<p>O Brasil foi descoberto no dia 22 de abril de 1500. E quatro dias ap\u00f3s ter chegado em Porto Seguro, em 26 de abril, em um\u00a0Domingo de P\u00e1scoa, Cabral determinou que se realizasse uma Missa na Praia da Coroa Vermelha.<\/p>\n<p>Foi a primeira missa celebrada em solo brasileiro, presidida pelo Frei Henrique de Coimbra, diante da imagem de Nossa Senhora da Esperan\u00e7a.<\/p>\n<h4>Nossa Senhora da Esperan\u00e7a<\/h4>\n<p>A devo\u00e7\u00e3o a Nossa Senhora da Esperan\u00e7a chegou ao Brasil na \u00e9poca do descobrimento, pela f\u00e9 dos primeiros colonizadores e navegadores portugueses que aqui chegaram. Sob a sua prote\u00e7\u00e3o, aventuraram-se\u00a0<em>&#8220;por mares nunca antes navegados&#8221;,<\/em>\u00a0que viajava com a delega\u00e7\u00e3o que havia navegado com a comitiva de Cabral em Santa Cruz da Cabr\u00e1lia.<\/p>\n<p>O evento foi documentado pela Carta de Pero Vaz de Caminha.<\/p>\n<p><a href=\"http:\/\/blog.cancaonova.com\/paisecatequistas\/files\/2024\/04\/brasil.jpg\"><img loading=\"lazy\" decoding=\"async\" class=\"wp-image-17216 alignnone\" src=\"http:\/\/blog.cancaonova.com\/paisecatequistas\/files\/2024\/04\/brasil.jpg\" alt=\"\" width=\"821\" height=\"594\" srcset=\"https:\/\/blog.cancaonova.com\/paisecatequistas\/files\/2024\/04\/brasil.jpg 2000w, https:\/\/blog.cancaonova.com\/paisecatequistas\/files\/2024\/04\/brasil-300x217.jpg 300w, https:\/\/blog.cancaonova.com\/paisecatequistas\/files\/2024\/04\/brasil-768x556.jpg 768w\" sizes=\"(max-width: 821px) 100vw, 821px\" \/><\/a><\/p>\n<p>&nbsp;<\/p>\n<h4>O Menino que aponta o Esp\u00edrito Santo<\/h4>\n<p>A imagem cl\u00e1ssica, portuguesa, de Senhora da Esperan\u00e7a tem a Virgem Maria de p\u00e9 com o Menino Jesus sentado em seu bra\u00e7o esquerdo, segurando com a m\u00e3o direita o pezinho dele. O Menino Jesus aponta com a m\u00e3ozinha direita para uma pomba (s\u00edmbolo do Esp\u00edrito Santo), que repousa sobre o bra\u00e7o direito de sua M\u00e3e. O mais antigo santu\u00e1rio de Nossa Senhora da Esperan\u00e7a de que se tem not\u00edcia \u00e9 o da cidade de Mezi\u00e8res, na Fran\u00e7a, constru\u00eddo no ano de 930; depois dele, v\u00e1rios outros foram erguidos.<\/p>\n<h4>A devo\u00e7\u00e3o a Nossa Senhora da Esperan\u00e7a<\/h4>\n<p>Todos os devotos de Nossa Senhora sempre a invocam na esperan\u00e7a de que ela os pudesse ajudar a resolver seus problemas pessoais. A devo\u00e7\u00e3o a Nossa Senhora da Esperan\u00e7a remonta aos primeiros s\u00e9culos do Cristianismo e foi oficialmente reconhecida em 656, no Conc\u00edlio de Toledo.<\/p>\n<p>O Brasil foi, portanto, descoberto sob o olhar terno e protetor da M\u00e3e da Esperan\u00e7a. Nossa Senhora da Esperan\u00e7a, rogai por n\u00f3s!<\/p>\n<p>Vamos colorir:<\/p>\n<p><a href=\"https:\/\/blog.cancaonova.com\/paisecatequistas\/files\/2024\/04\/atividade-compactado.pdf\"><img loading=\"lazy\" decoding=\"async\" class=\" wp-image-17217 alignnone\" src=\"http:\/\/blog.cancaonova.com\/paisecatequistas\/files\/2024\/04\/colorir.jpg\" alt=\"\" width=\"897\" height=\"1269\" srcset=\"https:\/\/blog.cancaonova.com\/paisecatequistas\/files\/2024\/04\/colorir.jpg 1414w, https:\/\/blog.cancaonova.com\/paisecatequistas\/files\/2024\/04\/colorir-212x300.jpg 212w, https:\/\/blog.cancaonova.com\/paisecatequistas\/files\/2024\/04\/colorir-768x1086.jpg 768w\" sizes=\"(max-width: 897px) 100vw, 897px\" \/><\/a> <a href=\"https:\/\/blog.cancaonova.com\/paisecatequistas\/files\/2024\/04\/atividade-compactado.pdf\"><img loading=\"lazy\" decoding=\"async\" class=\"wp-image-17218 alignnone\" src=\"http:\/\/blog.cancaonova.com\/paisecatequistas\/files\/2024\/04\/olho-vivo-brincadeira.jpg\" alt=\"\" width=\"924\" height=\"1307\" srcset=\"https:\/\/blog.cancaonova.com\/paisecatequistas\/files\/2024\/04\/olho-vivo-brincadeira.jpg 1414w, https:\/\/blog.cancaonova.com\/paisecatequistas\/files\/2024\/04\/olho-vivo-brincadeira-212x300.jpg 212w, https:\/\/blog.cancaonova.com\/paisecatequistas\/files\/2024\/04\/olho-vivo-brincadeira-768x1086.jpg 768w\" sizes=\"(max-width: 924px) 100vw, 924px\" \/><\/a><\/p>\n","protected":false},"excerpt":{"rendered":"<p>O Brasil foi descoberto no dia 22 de Abril de 1500. E quatro dias ap\u00f3s ter chegado em Porto Seguro, em 26 de abril, em um\u00a0Domingo de P\u00e1scoa,\u00a0 Cabral determinou que se realizasse uma Missa na Praia da Coroa Vermelha. <a href=\"https:\/\/blog.cancaonova.com\/paisecatequistas\/primeira-missa-celebrada-no-brasil\/\">Continue lendo <span class=\"meta-nav\">&rarr;<\/span><\/a><\/p>\n","protected":false},"author":4340,"featured_media":17220,"comment_status":"closed","ping_status":"closed","sticky":false,"template":"","format":"standard","meta":{"_mi_skip_tracking":false,"_monsterinsights_sitenote_active":false,"_monsterinsights_sitenote_note":"","_monsterinsights_sitenote_category":0,"footnotes":""},"categories":[200710],"tags":[],"_links":{"self":[{"href":"https:\/\/blog.cancaonova.com\/paisecatequistas\/wp-json\/wp\/v2\/posts\/17206"}],"collection":[{"href":"https:\/\/blog.cancaonova.com\/paisecatequistas\/wp-json\/wp\/v2\/posts"}],"about":[{"href":"https:\/\/blog.cancaonova.com\/paisecatequistas\/wp-json\/wp\/v2\/types\/post"}],"author":[{"embeddable":true,"href":"https:\/\/blog.cancaonova.com\/paisecatequistas\/wp-json\/wp\/v2\/users\/4340"}],"replies":[{"embeddable":true,"href":"https:\/\/blog.cancaonova.com\/paisecatequistas\/wp-json\/wp\/v2\/comments?post=17206"}],"version-history":[{"count":5,"href":"https:\/\/blog.cancaonova.com\/paisecatequistas\/wp-json\/wp\/v2\/posts\/17206\/revisions"}],"predecessor-version":[{"id":18717,"href":"https:\/\/blog.cancaonova.com\/paisecatequistas\/wp-json\/wp\/v2\/posts\/17206\/revisions\/18717"}],"wp:featuredmedia":[{"embeddable":true,"href":"https:\/\/blog.cancaonova.com\/paisecatequistas\/wp-json\/wp\/v2\/media\/17220"}],"wp:attachment":[{"href":"https:\/\/blog.cancaonova.com\/paisecatequistas\/wp-json\/wp\/v2\/media?parent=17206"}],"wp:term":[{"taxonomy":"category","embeddable":true,"href":"https:\/\/blog.cancaonova.com\/paisecatequistas\/wp-json\/wp\/v2\/categories?post=17206"},{"taxonomy":"post_tag","embeddable":true,"href":"https:\/\/blog.cancaonova.com\/paisecatequistas\/wp-json\/wp\/v2\/tags?post=17206"}],"curies":[{"name":"wp","href":"https:\/\/api.w.org\/{rel}","templated":true}]}}