{"id":17319,"date":"2024-05-03T12:42:48","date_gmt":"2024-05-03T14:42:48","guid":{"rendered":"http:\/\/blog.cancaonova.com\/paisecatequistas\/?p=17319"},"modified":"2024-05-03T14:09:16","modified_gmt":"2024-05-03T16:09:16","slug":"maria-na-cancao-nova","status":"publish","type":"post","link":"https:\/\/blog.cancaonova.com\/paisecatequistas\/maria-na-cancao-nova\/","title":{"rendered":"Maria na Can\u00e7\u00e3o Nova"},"content":{"rendered":"<h4>Maria na Can\u00e7\u00e3o Nova!<\/h4>\n<p>Em maio, m\u00eas mariano, a Revista Can\u00e7\u00e3o Nova Kids falar\u00e1 sobre a presen\u00e7a de Maria na Can\u00e7\u00e3o Nova. Al\u00e9m disso, as crian\u00e7as v\u00e3o se divertir muito com jogos, brincadeiras e muita evangeliza\u00e7\u00e3o com as ora\u00e7\u00f5es e a catequese com Papa Francisco.<\/p>\n<p><iframe loading=\"lazy\" title=\"Revista Can\u00c3\u00a7\u00c3\u00a3o Nova Kids - Maio 2024\" width=\"600\" height=\"338\" src=\"https:\/\/www.youtube.com\/embed\/yobA8XhPrXY?feature=oembed&amp;rel=0\" frameborder=\"0\" allow=\"accelerometer; autoplay; clipboard-write; encrypted-media; gyroscope; picture-in-picture; web-share\" referrerpolicy=\"strict-origin-when-cross-origin\" allowfullscreen><\/iframe><\/p>\n<p>&nbsp;<\/p>\n<p>Clique na imagem para ver a Revista Can\u00e7\u00e3o Nova Kids<\/p>\n<p><a href=\"https:\/\/img.cancaonova.com\/cnimages\/canais\/uploads\/sites\/12\/2024\/04\/Revista-Kids-Maio-Site-Clube.pdf\"><img loading=\"lazy\" decoding=\"async\" class=\"alignnone wp-image-105037 size-large\" src=\"https:\/\/img.cancaonova.com\/cnimages\/canais\/uploads\/sites\/12\/2024\/04\/Capa-Revista-Kids-1920x1080-600x300.jpg\" alt=\"\" width=\"600\" height=\"300\" \/><\/a><\/p>\n","protected":false},"excerpt":{"rendered":"<p>Em maio, m\u00eas mariano, a Revista Can\u00e7\u00e3o Nova Kids falar\u00e1 sobre a presen\u00e7a de Maria na Can\u00e7\u00e3o Nova. Al\u00e9m disso, as crian\u00e7as v\u00e3o se divertir muito com jogos, brincadeiras e muita evangeliza\u00e7\u00e3o com as ora\u00e7\u00f5es e a catequese com Papa Francisco. <a href=\"https:\/\/blog.cancaonova.com\/paisecatequistas\/maria-na-cancao-nova\/\">Continue lendo <span class=\"meta-nav\">&rarr;<\/span><\/a><\/p>\n","protected":false},"author":4340,"featured_media":17320,"comment_status":"open","ping_status":"open","sticky":false,"template":"","format":"standard","meta":{"_mi_skip_tracking":false,"_monsterinsights_sitenote_active":false,"_monsterinsights_sitenote_note":"","_monsterinsights_sitenote_category":0,"footnotes":""},"categories":[200710],"tags":[16595,7671,13071,231,289648,7361],"_links":{"self":[{"href":"https:\/\/blog.cancaonova.com\/paisecatequistas\/wp-json\/wp\/v2\/posts\/17319"}],"collection":[{"href":"https:\/\/blog.cancaonova.com\/paisecatequistas\/wp-json\/wp\/v2\/posts"}],"about":[{"href":"https:\/\/blog.cancaonova.com\/paisecatequistas\/wp-json\/wp\/v2\/types\/post"}],"author":[{"embeddable":true,"href":"https:\/\/blog.cancaonova.com\/paisecatequistas\/wp-json\/wp\/v2\/users\/4340"}],"replies":[{"embeddable":true,"href":"https:\/\/blog.cancaonova.com\/paisecatequistas\/wp-json\/wp\/v2\/comments?post=17319"}],"version-history":[{"count":4,"href":"https:\/\/blog.cancaonova.com\/paisecatequistas\/wp-json\/wp\/v2\/posts\/17319\/revisions"}],"predecessor-version":[{"id":17324,"href":"https:\/\/blog.cancaonova.com\/paisecatequistas\/wp-json\/wp\/v2\/posts\/17319\/revisions\/17324"}],"wp:featuredmedia":[{"embeddable":true,"href":"https:\/\/blog.cancaonova.com\/paisecatequistas\/wp-json\/wp\/v2\/media\/17320"}],"wp:attachment":[{"href":"https:\/\/blog.cancaonova.com\/paisecatequistas\/wp-json\/wp\/v2\/media?parent=17319"}],"wp:term":[{"taxonomy":"category","embeddable":true,"href":"https:\/\/blog.cancaonova.com\/paisecatequistas\/wp-json\/wp\/v2\/categories?post=17319"},{"taxonomy":"post_tag","embeddable":true,"href":"https:\/\/blog.cancaonova.com\/paisecatequistas\/wp-json\/wp\/v2\/tags?post=17319"}],"curies":[{"name":"wp","href":"https:\/\/api.w.org\/{rel}","templated":true}]}}