{"id":17333,"date":"2024-05-07T14:01:12","date_gmt":"2024-05-07T16:01:12","guid":{"rendered":"http:\/\/blog.cancaonova.com\/paisecatequistas\/?p=17333"},"modified":"2024-05-07T15:11:31","modified_gmt":"2024-05-07T17:11:31","slug":"clipe-mamae-voce-e-linda","status":"publish","type":"post","link":"https:\/\/blog.cancaonova.com\/paisecatequistas\/clipe-mamae-voce-e-linda\/","title":{"rendered":"Clipe  - Mam\u00e3e, voc\u00ea \u00e9 linda!"},"content":{"rendered":"<p>Na Can\u00e7\u00e3o Nova, Padre Jonas nos diz:<\/p>\n<p><em>&#8220;Maria \u00e9 uma presen\u00e7a discreta, mas muito real em nossa vida de oper\u00e1rios de Deus. Est\u00e1 muito presente em toda a nossa vida, em todo o nosso trabalho: presen\u00e7a de M\u00e3e, de Mestra, de Educadora. Sentimos mesmo que ela nos forma, educa, impulsiona, orienta, encaminha. N\u00f3s a sentimos muito pr\u00f3xima.&#8221; (Padre Jonas Abib)<\/em><\/p>\n<p>M\u00eas de Maio, m\u00eas de Nossa Senhora, m\u00eas das M\u00e3es. Queremos reconhecer em cada m\u00e3e um tra\u00e7o, uma presen\u00e7a de Nossa Senhora em nossa vida, e poder dizer: &#8220;Mam\u00e3e, voc\u00ea \u00e9 linda!&#8221;.<\/p>\n<p>Com Maria nunca estamos \u00f3rf\u00e3os, h\u00e1 uma M\u00e3e que nos ama e cuida de n\u00f3s!<\/p>\n<p><iframe loading=\"lazy\" title=\"Voc\u00c3\u00aa \u00c3\u00a9 linda - Can\u00c3\u00a7\u00c3\u00a3o Nova Kids (Clipe Oficial)\" width=\"600\" height=\"338\" src=\"https:\/\/www.youtube.com\/embed\/B6N0x8A7FwQ?list=PL4D4FA9FC2E0C1B67&amp;rel=0\" frameborder=\"0\" allow=\"accelerometer; autoplay; clipboard-write; encrypted-media; gyroscope; picture-in-picture; web-share\" referrerpolicy=\"strict-origin-when-cross-origin\" allowfullscreen><\/iframe><\/p>\n","protected":false},"excerpt":{"rendered":"<p>M\u00eas de Maio, m\u00eas de Nossa Senhora, mes das m\u00e3es. Queremos reconhecer em cada m\u00e3e um tra\u00e7o, uma presen\u00e7a de Nossa Senhora em nossa vida e poder dizer: Mam\u00e3e, voc\u00ea \u00e9 linda!<\/p>\n<p> <a href=\"https:\/\/blog.cancaonova.com\/paisecatequistas\/clipe-mamae-voce-e-linda\/\">Continue lendo <span class=\"meta-nav\">&rarr;<\/span><\/a><\/p>\n","protected":false},"author":4340,"featured_media":17334,"comment_status":"open","ping_status":"open","sticky":false,"template":"","format":"standard","meta":{"_mi_skip_tracking":false,"_monsterinsights_sitenote_active":false,"_monsterinsights_sitenote_note":"","_monsterinsights_sitenote_category":0,"footnotes":""},"categories":[200710],"tags":[6351,16595,13191,17101,69578],"_links":{"self":[{"href":"https:\/\/blog.cancaonova.com\/paisecatequistas\/wp-json\/wp\/v2\/posts\/17333"}],"collection":[{"href":"https:\/\/blog.cancaonova.com\/paisecatequistas\/wp-json\/wp\/v2\/posts"}],"about":[{"href":"https:\/\/blog.cancaonova.com\/paisecatequistas\/wp-json\/wp\/v2\/types\/post"}],"author":[{"embeddable":true,"href":"https:\/\/blog.cancaonova.com\/paisecatequistas\/wp-json\/wp\/v2\/users\/4340"}],"replies":[{"embeddable":true,"href":"https:\/\/blog.cancaonova.com\/paisecatequistas\/wp-json\/wp\/v2\/comments?post=17333"}],"version-history":[{"count":3,"href":"https:\/\/blog.cancaonova.com\/paisecatequistas\/wp-json\/wp\/v2\/posts\/17333\/revisions"}],"predecessor-version":[{"id":17338,"href":"https:\/\/blog.cancaonova.com\/paisecatequistas\/wp-json\/wp\/v2\/posts\/17333\/revisions\/17338"}],"wp:featuredmedia":[{"embeddable":true,"href":"https:\/\/blog.cancaonova.com\/paisecatequistas\/wp-json\/wp\/v2\/media\/17334"}],"wp:attachment":[{"href":"https:\/\/blog.cancaonova.com\/paisecatequistas\/wp-json\/wp\/v2\/media?parent=17333"}],"wp:term":[{"taxonomy":"category","embeddable":true,"href":"https:\/\/blog.cancaonova.com\/paisecatequistas\/wp-json\/wp\/v2\/categories?post=17333"},{"taxonomy":"post_tag","embeddable":true,"href":"https:\/\/blog.cancaonova.com\/paisecatequistas\/wp-json\/wp\/v2\/tags?post=17333"}],"curies":[{"name":"wp","href":"https:\/\/api.w.org\/{rel}","templated":true}]}}