{"id":17349,"date":"2024-05-09T12:41:56","date_gmt":"2024-05-09T14:41:56","guid":{"rendered":"http:\/\/blog.cancaonova.com\/paisecatequistas\/?p=17349"},"modified":"2025-12-30T14:06:41","modified_gmt":"2025-12-30T16:06:41","slug":"padre-jonas-ensina-o-meu-imaculado-coracao-triunfara","status":"publish","type":"post","link":"https:\/\/blog.cancaonova.com\/paisecatequistas\/padre-jonas-ensina-o-meu-imaculado-coracao-triunfara\/","title":{"rendered":"Padre Jonas ensina: O meu Imaculado \u2764\ufe0f triunfar\u00e1!"},"content":{"rendered":"<p><em>&#8220;Quem \u00e9 esta que avan\u00e7a como a aurora, tem\u00edvel como um ex\u00e9rcito em ordem de batalha?<\/em><\/p>\n<p><em>Brilhante como o sol e como a lua, mostrando o caminho ao filhos seus.&#8221;<\/em><\/p>\n<p><strong>Padre Jonas nos ensina <\/strong><\/p>\n<p>Essa \u00e9 a posi\u00e7\u00e3o de Maria na nossa defesa l\u00e1 em F\u00e1tima; e em muitas outras apari\u00e7\u00f5es, ela voltou repetindo e, por fim, disse: &#8220;o meu Imaculado Cora\u00e7\u00e3o&#8221;.<\/p>\n<h4>Maria, a Mulher que esmagar\u00e1 a cabe\u00e7a serpente<\/h4>\n<p>O inimigo quer destruir a Igreja e as nossas fam\u00edlias, por isso ela est\u00e1 dizendo: <strong>P<em>reparem-se! Preparem-se!<\/em><\/strong><\/p>\n<p>E \u00e9 por isso que Jesus diz: <strong><em>Eu lhes dei a minha M\u00e3e para ajud\u00e1-los a se preparar.<\/em><\/strong><\/p>\n<p><iframe loading=\"lazy\" title=\"Pe. Jonas ensina: O meu Imaculado Cora\u00c3\u00a7\u00c3\u00a3o triunfar\u00c3\u00a1\" width=\"600\" height=\"338\" src=\"https:\/\/www.youtube.com\/embed\/ka6Xlet_nA8?feature=oembed&amp;rel=0\" frameborder=\"0\" allow=\"accelerometer; autoplay; clipboard-write; encrypted-media; gyroscope; picture-in-picture; web-share\" referrerpolicy=\"strict-origin-when-cross-origin\" allowfullscreen><\/iframe><\/p>\n","protected":false},"excerpt":{"rendered":"<p>Esta \u00e9 a posi\u00e7\u00e3o de Maria na nossa defesa l\u00e1 em F\u00e1tima e em muitas outras apari\u00e7\u00f5es ela voltou repetindo e por fim o meu Imaculado Cora\u00e7\u00e3o.<\/p>\n<p>Maria a mulher que esmagar\u00e1 a cabe\u00e7a serpente<br \/>\nO inimigo quer destruir a Igreja e as nossas fam\u00edlias, e \u00e9 por isso que Maria est\u00e1 dizendo:\u00a0 preparem-se preparem-se. <a href=\"https:\/\/blog.cancaonova.com\/paisecatequistas\/padre-jonas-ensina-o-meu-imaculado-coracao-triunfara\/\">Continue lendo <span class=\"meta-nav\">&rarr;<\/span><\/a><\/p>\n","protected":false},"author":4340,"featured_media":17350,"comment_status":"closed","ping_status":"closed","sticky":false,"template":"","format":"standard","meta":{"_mi_skip_tracking":false,"_monsterinsights_sitenote_active":false,"_monsterinsights_sitenote_note":"","_monsterinsights_sitenote_category":0,"footnotes":""},"categories":[200710],"tags":[99049,231,451,16909],"_links":{"self":[{"href":"https:\/\/blog.cancaonova.com\/paisecatequistas\/wp-json\/wp\/v2\/posts\/17349"}],"collection":[{"href":"https:\/\/blog.cancaonova.com\/paisecatequistas\/wp-json\/wp\/v2\/posts"}],"about":[{"href":"https:\/\/blog.cancaonova.com\/paisecatequistas\/wp-json\/wp\/v2\/types\/post"}],"author":[{"embeddable":true,"href":"https:\/\/blog.cancaonova.com\/paisecatequistas\/wp-json\/wp\/v2\/users\/4340"}],"replies":[{"embeddable":true,"href":"https:\/\/blog.cancaonova.com\/paisecatequistas\/wp-json\/wp\/v2\/comments?post=17349"}],"version-history":[{"count":8,"href":"https:\/\/blog.cancaonova.com\/paisecatequistas\/wp-json\/wp\/v2\/posts\/17349\/revisions"}],"predecessor-version":[{"id":20001,"href":"https:\/\/blog.cancaonova.com\/paisecatequistas\/wp-json\/wp\/v2\/posts\/17349\/revisions\/20001"}],"wp:featuredmedia":[{"embeddable":true,"href":"https:\/\/blog.cancaonova.com\/paisecatequistas\/wp-json\/wp\/v2\/media\/17350"}],"wp:attachment":[{"href":"https:\/\/blog.cancaonova.com\/paisecatequistas\/wp-json\/wp\/v2\/media?parent=17349"}],"wp:term":[{"taxonomy":"category","embeddable":true,"href":"https:\/\/blog.cancaonova.com\/paisecatequistas\/wp-json\/wp\/v2\/categories?post=17349"},{"taxonomy":"post_tag","embeddable":true,"href":"https:\/\/blog.cancaonova.com\/paisecatequistas\/wp-json\/wp\/v2\/tags?post=17349"}],"curies":[{"name":"wp","href":"https:\/\/api.w.org\/{rel}","templated":true}]}}