{"id":17424,"date":"2024-05-23T09:31:24","date_gmt":"2024-05-23T11:31:24","guid":{"rendered":"http:\/\/blog.cancaonova.com\/paisecatequistas\/?p=17424"},"modified":"2024-05-23T10:18:03","modified_gmt":"2024-05-23T12:18:03","slug":"kairos-kids-batismo-no-espirito-santo","status":"publish","type":"post","link":"https:\/\/blog.cancaonova.com\/paisecatequistas\/kairos-kids-batismo-no-espirito-santo\/","title":{"rendered":"Kair\u00f3s Kids - Batismo no Esp\u00edrito Santo"},"content":{"rendered":"<p>Vamos relembrar um momento todo especial no Kair\u00f3s Kids 2023?<\/p>\n<p>N\u00e3o vamos apenas recordar, mas pedir que a gra\u00e7a do Batismo no Esp\u00edrito Santo se atualize hoje em nossas crian\u00e7as, em n\u00f3s e em nossas fam\u00edlias.<\/p>\n<p>Vem, Esp\u00edrito Santo!<\/p>\n<p><iframe loading=\"lazy\" title=\"Kair\u00c3\u00b3s Kids 2023 - Batismo no Esp\u00c3\u00adrito Santo\" width=\"600\" height=\"338\" src=\"https:\/\/www.youtube.com\/embed\/2yzafwt4frM?feature=oembed&amp;rel=0\" frameborder=\"0\" allow=\"accelerometer; autoplay; clipboard-write; encrypted-media; gyroscope; picture-in-picture; web-share\" referrerpolicy=\"strict-origin-when-cross-origin\" allowfullscreen><\/iframe><\/p>\n","protected":false},"excerpt":{"rendered":"<p>Vamos relembrar um momento todo especial no Kair\u00f3s Kids 2023?<\/p>\n<p>N\u00e3o vamos apenas recordar, mas pedir que a gra\u00e7a do Batismo no Esp\u00edrito Santo se atualize hoje, em nossas crian\u00e7as, em n\u00f3s e em nossas fam\u00edlias.\u00a0<\/p>\n<p>\u00a0Vem Esp\u00edrito Santo! <a href=\"https:\/\/blog.cancaonova.com\/paisecatequistas\/kairos-kids-batismo-no-espirito-santo\/\">Continue lendo <span class=\"meta-nav\">&rarr;<\/span><\/a><\/p>\n","protected":false},"author":4340,"featured_media":17427,"comment_status":"open","ping_status":"open","sticky":false,"template":"","format":"standard","meta":{"_mi_skip_tracking":false,"_monsterinsights_sitenote_active":false,"_monsterinsights_sitenote_note":"","_monsterinsights_sitenote_category":0,"footnotes":""},"categories":[200710],"tags":[16060,5011,52778,18989,221,5261,18235,261,13031,7931,39],"_links":{"self":[{"href":"https:\/\/blog.cancaonova.com\/paisecatequistas\/wp-json\/wp\/v2\/posts\/17424"}],"collection":[{"href":"https:\/\/blog.cancaonova.com\/paisecatequistas\/wp-json\/wp\/v2\/posts"}],"about":[{"href":"https:\/\/blog.cancaonova.com\/paisecatequistas\/wp-json\/wp\/v2\/types\/post"}],"author":[{"embeddable":true,"href":"https:\/\/blog.cancaonova.com\/paisecatequistas\/wp-json\/wp\/v2\/users\/4340"}],"replies":[{"embeddable":true,"href":"https:\/\/blog.cancaonova.com\/paisecatequistas\/wp-json\/wp\/v2\/comments?post=17424"}],"version-history":[{"count":3,"href":"https:\/\/blog.cancaonova.com\/paisecatequistas\/wp-json\/wp\/v2\/posts\/17424\/revisions"}],"predecessor-version":[{"id":17432,"href":"https:\/\/blog.cancaonova.com\/paisecatequistas\/wp-json\/wp\/v2\/posts\/17424\/revisions\/17432"}],"wp:featuredmedia":[{"embeddable":true,"href":"https:\/\/blog.cancaonova.com\/paisecatequistas\/wp-json\/wp\/v2\/media\/17427"}],"wp:attachment":[{"href":"https:\/\/blog.cancaonova.com\/paisecatequistas\/wp-json\/wp\/v2\/media?parent=17424"}],"wp:term":[{"taxonomy":"category","embeddable":true,"href":"https:\/\/blog.cancaonova.com\/paisecatequistas\/wp-json\/wp\/v2\/categories?post=17424"},{"taxonomy":"post_tag","embeddable":true,"href":"https:\/\/blog.cancaonova.com\/paisecatequistas\/wp-json\/wp\/v2\/tags?post=17424"}],"curies":[{"name":"wp","href":"https:\/\/api.w.org\/{rel}","templated":true}]}}