{"id":17440,"date":"2024-05-24T15:07:31","date_gmt":"2024-05-24T17:07:31","guid":{"rendered":"http:\/\/blog.cancaonova.com\/paisecatequistas\/?p=17440"},"modified":"2024-05-24T15:46:14","modified_gmt":"2024-05-24T17:46:14","slug":"consagrados-ao-imaculado-coracao-de-maria","status":"publish","type":"post","link":"https:\/\/blog.cancaonova.com\/paisecatequistas\/consagrados-ao-imaculado-coracao-de-maria\/","title":{"rendered":"Consagrados ao Imaculado Cora\u00e7\u00e3o de Maria"},"content":{"rendered":"<p>Voc\u00ea sabia que, neste ano de 2024, faz 20 anos que o padre consagrou a Can\u00e7\u00e3o Nova a Nossa Senhora de F\u00e1tima?<\/p>\n<p>Ent\u00e3o, vamos lhe contar!<\/p>\n<p>Padre Jonas voou de Cachoeira Paulista (SP) at\u00e9 Portugal, porque ele queria comemorar essa data superespecial na Capelinha das Apari\u00e7\u00f5es da Virgem Maria, M\u00e3e de Deus, que apareceu aos tr\u00eas pastorinhos em F\u00e1tima.<\/p>\n<p>No v\u00eddeo abaixo, quem vai nos contar como tudo aconteceu \u00e9 a Maria Ven\u00e2ncio e\u00a0 a Mariane. Vamos conferir?<\/p>\n<p><iframe loading=\"lazy\" title=\"Consagrados ao Imaculado cora\u00c3\u00a7\u00c3\u00a3o de Maria\" width=\"600\" height=\"338\" src=\"https:\/\/www.youtube.com\/embed\/HiZWl59eMSQ?feature=oembed&amp;rel=0\" frameborder=\"0\" allow=\"accelerometer; autoplay; clipboard-write; encrypted-media; gyroscope; picture-in-picture; web-share\" referrerpolicy=\"strict-origin-when-cross-origin\" allowfullscreen><\/iframe><\/p>\n","protected":false},"excerpt":{"rendered":"<p>oc\u00ea sabia que neste ano de 2024, faz 20 anos que o padre consagrou a Can\u00e7\u00e3o Nova, \u00e0 Nossa Senhora de F\u00e1tima ?<\/p>\n<p>Ent\u00e3o vamos te contar!<\/p>\n<p>O Padre Jonas vou daqui de Cachoeira Paulista at\u00e9 Portugal, porque ele queria comemorar essa data super especial na Capelinha das Apari\u00e7\u00f5es da Virgem Maria M\u00e3e de Deus que apareceu aos tr\u00eas pastorinhos em F\u00e1tima.\u00a0 <a href=\"https:\/\/blog.cancaonova.com\/paisecatequistas\/consagrados-ao-imaculado-coracao-de-maria\/\">Continue lendo <span class=\"meta-nav\">&rarr;<\/span><\/a><\/p>\n","protected":false},"author":4340,"featured_media":17443,"comment_status":"open","ping_status":"open","sticky":false,"template":"","format":"standard","meta":{"_mi_skip_tracking":false,"_monsterinsights_sitenote_active":false,"_monsterinsights_sitenote_note":"","_monsterinsights_sitenote_category":0,"footnotes":""},"categories":[200710],"tags":[23870,6351,15736,16466,18235,451,8181,17274],"_links":{"self":[{"href":"https:\/\/blog.cancaonova.com\/paisecatequistas\/wp-json\/wp\/v2\/posts\/17440"}],"collection":[{"href":"https:\/\/blog.cancaonova.com\/paisecatequistas\/wp-json\/wp\/v2\/posts"}],"about":[{"href":"https:\/\/blog.cancaonova.com\/paisecatequistas\/wp-json\/wp\/v2\/types\/post"}],"author":[{"embeddable":true,"href":"https:\/\/blog.cancaonova.com\/paisecatequistas\/wp-json\/wp\/v2\/users\/4340"}],"replies":[{"embeddable":true,"href":"https:\/\/blog.cancaonova.com\/paisecatequistas\/wp-json\/wp\/v2\/comments?post=17440"}],"version-history":[{"count":3,"href":"https:\/\/blog.cancaonova.com\/paisecatequistas\/wp-json\/wp\/v2\/posts\/17440\/revisions"}],"predecessor-version":[{"id":17450,"href":"https:\/\/blog.cancaonova.com\/paisecatequistas\/wp-json\/wp\/v2\/posts\/17440\/revisions\/17450"}],"wp:featuredmedia":[{"embeddable":true,"href":"https:\/\/blog.cancaonova.com\/paisecatequistas\/wp-json\/wp\/v2\/media\/17443"}],"wp:attachment":[{"href":"https:\/\/blog.cancaonova.com\/paisecatequistas\/wp-json\/wp\/v2\/media?parent=17440"}],"wp:term":[{"taxonomy":"category","embeddable":true,"href":"https:\/\/blog.cancaonova.com\/paisecatequistas\/wp-json\/wp\/v2\/categories?post=17440"},{"taxonomy":"post_tag","embeddable":true,"href":"https:\/\/blog.cancaonova.com\/paisecatequistas\/wp-json\/wp\/v2\/tags?post=17440"}],"curies":[{"name":"wp","href":"https:\/\/api.w.org\/{rel}","templated":true}]}}