{"id":17482,"date":"2024-06-04T10:29:48","date_gmt":"2024-06-04T12:29:48","guid":{"rendered":"https:\/\/blog.cancaonova.com\/paisecatequistas\/?p=17482"},"modified":"2024-06-04T11:09:20","modified_gmt":"2024-06-04T13:09:20","slug":"janjao-eucaristia","status":"publish","type":"post","link":"https:\/\/blog.cancaonova.com\/paisecatequistas\/janjao-eucaristia\/","title":{"rendered":"Janj\u00e3o - Eucaristia"},"content":{"rendered":"<p>A Sentinela Amanda vai fazer a sua Primeira Eucaristia, e ela est\u00e1 muito animada! Ao contar essa supernovidade para o Janj\u00e3o, ele se lembra de uma linda hist\u00f3ria.<\/p>\n<p>Vamos juntos ouvir essa linda historinha com o Janj\u00e3o?<\/p>\n<p><iframe loading=\"lazy\" title=\"Janj\u00c3\u00a3o:  Eucaristia\" width=\"600\" height=\"338\" src=\"https:\/\/www.youtube.com\/embed\/KK4KEy9bC2E?feature=oembed&amp;rel=0\" frameborder=\"0\" allow=\"accelerometer; autoplay; clipboard-write; encrypted-media; gyroscope; picture-in-picture; web-share\" referrerpolicy=\"strict-origin-when-cross-origin\" allowfullscreen><\/iframe><\/p>\n","protected":false},"excerpt":{"rendered":"<p>A Sentinela Amanda vai fazer a sua Primeira Eucaristia, e esta muito animada e ao contar essa super novidade para o Janj\u00e3o, ele se lembra de uma linda hist\u00f3ria.\u00a0<br \/>\nVamos juntos ouvir essa linda historinha com o Janj\u00e3o? <a href=\"https:\/\/blog.cancaonova.com\/paisecatequistas\/janjao-eucaristia\/\">Continue lendo <span class=\"meta-nav\">&rarr;<\/span><\/a><\/p>\n","protected":false},"author":4340,"featured_media":17483,"comment_status":"open","ping_status":"open","sticky":false,"template":"","format":"standard","meta":{"_mi_skip_tracking":false,"_monsterinsights_sitenote_active":false,"_monsterinsights_sitenote_note":"","_monsterinsights_sitenote_category":0,"footnotes":""},"categories":[200710],"tags":[],"_links":{"self":[{"href":"https:\/\/blog.cancaonova.com\/paisecatequistas\/wp-json\/wp\/v2\/posts\/17482"}],"collection":[{"href":"https:\/\/blog.cancaonova.com\/paisecatequistas\/wp-json\/wp\/v2\/posts"}],"about":[{"href":"https:\/\/blog.cancaonova.com\/paisecatequistas\/wp-json\/wp\/v2\/types\/post"}],"author":[{"embeddable":true,"href":"https:\/\/blog.cancaonova.com\/paisecatequistas\/wp-json\/wp\/v2\/users\/4340"}],"replies":[{"embeddable":true,"href":"https:\/\/blog.cancaonova.com\/paisecatequistas\/wp-json\/wp\/v2\/comments?post=17482"}],"version-history":[{"count":2,"href":"https:\/\/blog.cancaonova.com\/paisecatequistas\/wp-json\/wp\/v2\/posts\/17482\/revisions"}],"predecessor-version":[{"id":17485,"href":"https:\/\/blog.cancaonova.com\/paisecatequistas\/wp-json\/wp\/v2\/posts\/17482\/revisions\/17485"}],"wp:featuredmedia":[{"embeddable":true,"href":"https:\/\/blog.cancaonova.com\/paisecatequistas\/wp-json\/wp\/v2\/media\/17483"}],"wp:attachment":[{"href":"https:\/\/blog.cancaonova.com\/paisecatequistas\/wp-json\/wp\/v2\/media?parent=17482"}],"wp:term":[{"taxonomy":"category","embeddable":true,"href":"https:\/\/blog.cancaonova.com\/paisecatequistas\/wp-json\/wp\/v2\/categories?post=17482"},{"taxonomy":"post_tag","embeddable":true,"href":"https:\/\/blog.cancaonova.com\/paisecatequistas\/wp-json\/wp\/v2\/tags?post=17482"}],"curies":[{"name":"wp","href":"https:\/\/api.w.org\/{rel}","templated":true}]}}