{"id":17493,"date":"2024-06-05T12:29:01","date_gmt":"2024-06-05T14:29:01","guid":{"rendered":"https:\/\/blog.cancaonova.com\/paisecatequistas\/?p=17493"},"modified":"2024-06-06T13:52:24","modified_gmt":"2024-06-06T15:52:24","slug":"kairos-kids-animacao-e-teatro","status":"publish","type":"post","link":"https:\/\/blog.cancaonova.com\/paisecatequistas\/kairos-kids-animacao-e-teatro\/","title":{"rendered":"Kair\u00f3s Kids - Anima\u00e7\u00e3o e Teatro"},"content":{"rendered":"<p>Vamos juntos rever a <strong>Anima\u00e7\u00e3o<\/strong> e o <strong>Teatro<\/strong> de um dia muito especial que foi o Kair\u00f3s Kids 2022.<\/p>\n<p>O Kair\u00f3s Kids 2024 est\u00e1 chegando. Esperamos por voc\u00ea!<\/p>\n<p><iframe loading=\"lazy\" title=\"KAIR\u00c3\u0093S KIDS -  Animac\u00cc\u00a7a\u00cc\u0083o e Teatro\" width=\"600\" height=\"338\" src=\"https:\/\/www.youtube.com\/embed\/tLGX020jX0k?feature=oembed&amp;rel=0\" frameborder=\"0\" allow=\"accelerometer; autoplay; clipboard-write; encrypted-media; gyroscope; picture-in-picture; web-share\" referrerpolicy=\"strict-origin-when-cross-origin\" allowfullscreen><\/iframe><\/p>\n","protected":false},"excerpt":{"rendered":"<p>Vamos juntos rever a Anima\u00e7\u00e3o e o Teatro de um dia muito especial que foi o Kair\u00f3s Kids 2022. <a href=\"https:\/\/blog.cancaonova.com\/paisecatequistas\/kairos-kids-animacao-e-teatro\/\">Continue lendo <span class=\"meta-nav\">&rarr;<\/span><\/a><\/p>\n","protected":false},"author":4340,"featured_media":17502,"comment_status":"open","ping_status":"open","sticky":false,"template":"","format":"standard","meta":{"_mi_skip_tracking":false,"_monsterinsights_sitenote_active":false,"_monsterinsights_sitenote_note":"","_monsterinsights_sitenote_category":0,"footnotes":""},"categories":[200710],"tags":[16595,18306,5261,30684,16477],"_links":{"self":[{"href":"https:\/\/blog.cancaonova.com\/paisecatequistas\/wp-json\/wp\/v2\/posts\/17493"}],"collection":[{"href":"https:\/\/blog.cancaonova.com\/paisecatequistas\/wp-json\/wp\/v2\/posts"}],"about":[{"href":"https:\/\/blog.cancaonova.com\/paisecatequistas\/wp-json\/wp\/v2\/types\/post"}],"author":[{"embeddable":true,"href":"https:\/\/blog.cancaonova.com\/paisecatequistas\/wp-json\/wp\/v2\/users\/4340"}],"replies":[{"embeddable":true,"href":"https:\/\/blog.cancaonova.com\/paisecatequistas\/wp-json\/wp\/v2\/comments?post=17493"}],"version-history":[{"count":2,"href":"https:\/\/blog.cancaonova.com\/paisecatequistas\/wp-json\/wp\/v2\/posts\/17493\/revisions"}],"predecessor-version":[{"id":17496,"href":"https:\/\/blog.cancaonova.com\/paisecatequistas\/wp-json\/wp\/v2\/posts\/17493\/revisions\/17496"}],"wp:featuredmedia":[{"embeddable":true,"href":"https:\/\/blog.cancaonova.com\/paisecatequistas\/wp-json\/wp\/v2\/media\/17502"}],"wp:attachment":[{"href":"https:\/\/blog.cancaonova.com\/paisecatequistas\/wp-json\/wp\/v2\/media?parent=17493"}],"wp:term":[{"taxonomy":"category","embeddable":true,"href":"https:\/\/blog.cancaonova.com\/paisecatequistas\/wp-json\/wp\/v2\/categories?post=17493"},{"taxonomy":"post_tag","embeddable":true,"href":"https:\/\/blog.cancaonova.com\/paisecatequistas\/wp-json\/wp\/v2\/tags?post=17493"}],"curies":[{"name":"wp","href":"https:\/\/api.w.org\/{rel}","templated":true}]}}