{"id":17533,"date":"2024-06-17T16:26:29","date_gmt":"2024-06-17T18:26:29","guid":{"rendered":"https:\/\/blog.cancaonova.com\/paisecatequistas\/?p=17533"},"modified":"2024-06-17T16:44:18","modified_gmt":"2024-06-17T18:44:18","slug":"essa-e-sua-vocacao","status":"publish","type":"post","link":"https:\/\/blog.cancaonova.com\/paisecatequistas\/essa-e-sua-vocacao\/","title":{"rendered":"Essa \u00e9 a sua voca\u00e7\u00e3o"},"content":{"rendered":"<p>Santo Ant\u00f4nio morreu de qu\u00ea?<\/p>\n<p>Em 1981, quando se abriu o t\u00famulo de Santo Ant\u00f4nio, tamb\u00e9m os irm\u00e3os franciscanos perguntavam do que Ant\u00f4nio havia morrido.<\/p>\n<p>Santo e Doutor da Igreja, Ant\u00f4nio morreu com 36 anos. Ser\u00e1 que ele se descuidou da sa\u00fade? N\u00e3o. Ele morreu como Dom Bosco, gastando at\u00e9 o \u00faltimo suspiro de vida em favor dos irm\u00e3os.<\/p>\n<p><iframe loading=\"lazy\" title=\"Pe. Jonas ensina: Santo Ant\u00c3\u00b4nio\" width=\"600\" height=\"338\" src=\"https:\/\/www.youtube.com\/embed\/TGixggxTn4U?feature=oembed&amp;rel=0\" frameborder=\"0\" allow=\"accelerometer; autoplay; clipboard-write; encrypted-media; gyroscope; picture-in-picture; web-share\" referrerpolicy=\"strict-origin-when-cross-origin\" allowfullscreen><\/iframe><\/p>\n","protected":false},"excerpt":{"rendered":"<p>Santo Ant\u00f4nio morreu de que?<\/p>\n<p>Em 1981, quando se abriu o t\u00famulo de Santo Ant\u00f4nio, tamb\u00e9m os irm\u00e3os franciscanos perguntavam do que que foi que Ant\u00f4nio morreu? <a href=\"https:\/\/blog.cancaonova.com\/paisecatequistas\/essa-e-sua-vocacao\/\">Continue lendo <span class=\"meta-nav\">&rarr;<\/span><\/a><\/p>\n","protected":false},"author":4340,"featured_media":17534,"comment_status":"open","ping_status":"open","sticky":false,"template":"","format":"standard","meta":{"_mi_skip_tracking":false,"_monsterinsights_sitenote_active":false,"_monsterinsights_sitenote_note":"","_monsterinsights_sitenote_category":0,"footnotes":""},"categories":[200710],"tags":[5011,16595,16723,7671,289664,8181,7761,289663],"_links":{"self":[{"href":"https:\/\/blog.cancaonova.com\/paisecatequistas\/wp-json\/wp\/v2\/posts\/17533"}],"collection":[{"href":"https:\/\/blog.cancaonova.com\/paisecatequistas\/wp-json\/wp\/v2\/posts"}],"about":[{"href":"https:\/\/blog.cancaonova.com\/paisecatequistas\/wp-json\/wp\/v2\/types\/post"}],"author":[{"embeddable":true,"href":"https:\/\/blog.cancaonova.com\/paisecatequistas\/wp-json\/wp\/v2\/users\/4340"}],"replies":[{"embeddable":true,"href":"https:\/\/blog.cancaonova.com\/paisecatequistas\/wp-json\/wp\/v2\/comments?post=17533"}],"version-history":[{"count":3,"href":"https:\/\/blog.cancaonova.com\/paisecatequistas\/wp-json\/wp\/v2\/posts\/17533\/revisions"}],"predecessor-version":[{"id":17537,"href":"https:\/\/blog.cancaonova.com\/paisecatequistas\/wp-json\/wp\/v2\/posts\/17533\/revisions\/17537"}],"wp:featuredmedia":[{"embeddable":true,"href":"https:\/\/blog.cancaonova.com\/paisecatequistas\/wp-json\/wp\/v2\/media\/17534"}],"wp:attachment":[{"href":"https:\/\/blog.cancaonova.com\/paisecatequistas\/wp-json\/wp\/v2\/media?parent=17533"}],"wp:term":[{"taxonomy":"category","embeddable":true,"href":"https:\/\/blog.cancaonova.com\/paisecatequistas\/wp-json\/wp\/v2\/categories?post=17533"},{"taxonomy":"post_tag","embeddable":true,"href":"https:\/\/blog.cancaonova.com\/paisecatequistas\/wp-json\/wp\/v2\/tags?post=17533"}],"curies":[{"name":"wp","href":"https:\/\/api.w.org\/{rel}","templated":true}]}}