{"id":17575,"date":"2024-06-27T09:08:55","date_gmt":"2024-06-27T11:08:55","guid":{"rendered":"https:\/\/blog.cancaonova.com\/paisecatequistas\/?p=17575"},"modified":"2024-06-27T09:47:16","modified_gmt":"2024-06-27T11:47:16","slug":"revista-julho-instituto-e-faculdade-cancao-nova","status":"publish","type":"post","link":"https:\/\/blog.cancaonova.com\/paisecatequistas\/revista-julho-instituto-e-faculdade-cancao-nova\/","title":{"rendered":"Revista Julho - Instituto e a Faculdade Can\u00e7\u00e3o Nova"},"content":{"rendered":"<p>Chegamos em julho, o m\u00eas das f\u00e9rias!<\/p>\n<p>Voc\u00ea sabia que, aqui na Can\u00e7\u00e3o Nova, n\u00f3s temos o Instituto e a Faculdade Can\u00e7\u00e3o Nova?<\/p>\n<p>Ser\u00e1 este local, aqui na Can\u00e7\u00e3o Nova, que, na Revista Can\u00e7\u00e3o Nova de Julho, vamos recortar e montar este m\u00eas.<\/p>\n<p><iframe loading=\"lazy\" title=\"Mapa da Can\u00c3\u00a7\u00c3\u00a3o Nova: Instituto e Faculdade Can\u00c3\u00a7\u00c3\u00a3o Nova\" width=\"600\" height=\"338\" src=\"https:\/\/www.youtube.com\/embed\/QfAJXCl7M4w?feature=oembed&amp;rel=0\" frameborder=\"0\" allow=\"accelerometer; autoplay; clipboard-write; encrypted-media; gyroscope; picture-in-picture; web-share\" referrerpolicy=\"strict-origin-when-cross-origin\" allowfullscreen><\/iframe><\/p>\n","protected":false},"excerpt":{"rendered":"<p>Revista Can\u00e7\u00e3o Nova e Faculdade Can\u00e7\u00e3o Nova  &#8211; vamos montar e brincar <a href=\"https:\/\/blog.cancaonova.com\/paisecatequistas\/revista-julho-instituto-e-faculdade-cancao-nova\/\">Continue lendo <span class=\"meta-nav\">&rarr;<\/span><\/a><\/p>\n","protected":false},"author":4340,"featured_media":17578,"comment_status":"open","ping_status":"open","sticky":false,"template":"","format":"standard","meta":{"_mi_skip_tracking":false,"_monsterinsights_sitenote_active":false,"_monsterinsights_sitenote_note":"","_monsterinsights_sitenote_category":0,"footnotes":""},"categories":[200710],"tags":[289668],"_links":{"self":[{"href":"https:\/\/blog.cancaonova.com\/paisecatequistas\/wp-json\/wp\/v2\/posts\/17575"}],"collection":[{"href":"https:\/\/blog.cancaonova.com\/paisecatequistas\/wp-json\/wp\/v2\/posts"}],"about":[{"href":"https:\/\/blog.cancaonova.com\/paisecatequistas\/wp-json\/wp\/v2\/types\/post"}],"author":[{"embeddable":true,"href":"https:\/\/blog.cancaonova.com\/paisecatequistas\/wp-json\/wp\/v2\/users\/4340"}],"replies":[{"embeddable":true,"href":"https:\/\/blog.cancaonova.com\/paisecatequistas\/wp-json\/wp\/v2\/comments?post=17575"}],"version-history":[{"count":3,"href":"https:\/\/blog.cancaonova.com\/paisecatequistas\/wp-json\/wp\/v2\/posts\/17575\/revisions"}],"predecessor-version":[{"id":17582,"href":"https:\/\/blog.cancaonova.com\/paisecatequistas\/wp-json\/wp\/v2\/posts\/17575\/revisions\/17582"}],"wp:featuredmedia":[{"embeddable":true,"href":"https:\/\/blog.cancaonova.com\/paisecatequistas\/wp-json\/wp\/v2\/media\/17578"}],"wp:attachment":[{"href":"https:\/\/blog.cancaonova.com\/paisecatequistas\/wp-json\/wp\/v2\/media?parent=17575"}],"wp:term":[{"taxonomy":"category","embeddable":true,"href":"https:\/\/blog.cancaonova.com\/paisecatequistas\/wp-json\/wp\/v2\/categories?post=17575"},{"taxonomy":"post_tag","embeddable":true,"href":"https:\/\/blog.cancaonova.com\/paisecatequistas\/wp-json\/wp\/v2\/tags?post=17575"}],"curies":[{"name":"wp","href":"https:\/\/api.w.org\/{rel}","templated":true}]}}