{"id":17580,"date":"2024-06-27T10:40:24","date_gmt":"2024-06-27T12:40:24","guid":{"rendered":"https:\/\/blog.cancaonova.com\/paisecatequistas\/?p=17580"},"modified":"2024-07-19T09:20:12","modified_gmt":"2024-07-19T11:20:12","slug":"revista-cancao-nova-homens-novos-para-o-mundo-novo","status":"publish","type":"post","link":"https:\/\/blog.cancaonova.com\/paisecatequistas\/revista-cancao-nova-homens-novos-para-o-mundo-novo\/","title":{"rendered":"Revista Can\u00e7\u00e3o Nova - Homens Novos para o Mundo Novo"},"content":{"rendered":"<p>Homens Novos para o Mundo Novo<\/p>\n<p>Em julho, a Revista Can\u00e7\u00e3o Nova Kids contar\u00e1 a hist\u00f3ria do Instituto e da Faculdade Can\u00e7\u00e3o Nova. Al\u00e9m disso, as crian\u00e7as v\u00e3o se divertir muito com jogos, brincadeiras e muita evangeliza\u00e7\u00e3o com as ora\u00e7\u00f5es e a catequese com Papa Francisco.<\/p>\n<p><a href=\"http:\/\/blog.cancaonova.com\/paisecatequistas\/files\/2024\/06\/revista-julho2-1.jpg\"><img loading=\"lazy\" decoding=\"async\" class=\"wp-image-17586 alignnone\" src=\"http:\/\/blog.cancaonova.com\/paisecatequistas\/files\/2024\/06\/revista-julho2-1.jpg\" alt=\"\" width=\"744\" height=\"418\" srcset=\"https:\/\/blog.cancaonova.com\/paisecatequistas\/files\/2024\/06\/revista-julho2-1.jpg 1920w, https:\/\/blog.cancaonova.com\/paisecatequistas\/files\/2024\/06\/revista-julho2-1-300x169.jpg 300w, https:\/\/blog.cancaonova.com\/paisecatequistas\/files\/2024\/06\/revista-julho2-1-768x432.jpg 768w, https:\/\/blog.cancaonova.com\/paisecatequistas\/files\/2024\/06\/revista-julho2-1-384x216.jpg 384w, https:\/\/blog.cancaonova.com\/paisecatequistas\/files\/2024\/06\/revista-julho2-1-512x288.jpg 512w, https:\/\/blog.cancaonova.com\/paisecatequistas\/files\/2024\/06\/revista-julho2-1-1024x576.jpg 1024w, https:\/\/blog.cancaonova.com\/paisecatequistas\/files\/2024\/06\/revista-julho2-1-1536x864.jpg 1536w\" sizes=\"(max-width: 744px) 100vw, 744px\" \/><\/a><\/p>\n<p>Confira a pr\u00e9via de julho =&gt;&gt;\u00a0<a href=\"https:\/\/img.cancaonova.com\/cnimages\/canais\/uploads\/sites\/12\/2024\/06\/Revista-Kids-Julho-2024-Site-do-Clube-pdf.pdf\" target=\"_blank\" rel=\"noopener\">Revista Kids Julho<\/a><\/p>\n<p>Para que seu pequeno receba todos os meses esse lindo conte\u00fado, <a href=\"https:\/\/kids.cancaonova.com\/saiba-como-cadastrar-um-socio-kids\/\">acesse aqui.<\/a><\/p>\n<p>Um conte\u00fado especial que diverte e evangeliza os pequeninos!<\/p>\n","protected":false},"excerpt":{"rendered":"<p>Homens Novos para o Mundo Novo<\/p>\n<p>Em julho, a Revista Can\u00e7\u00e3o Nova Kids contar\u00e1 a hist\u00f3ria do Instituto e da Faculdade Can\u00e7\u00e3o Nova. Al\u00e9m disso, as crian\u00e7as v\u00e3o se divertir muito com jogos, brincadeiras e muita evangeliza\u00e7\u00e3o com as ora\u00e7\u00f5es e a catequese com Papa Francisco. <a href=\"https:\/\/blog.cancaonova.com\/paisecatequistas\/revista-cancao-nova-homens-novos-para-o-mundo-novo\/\">Continue lendo <span class=\"meta-nav\">&rarr;<\/span><\/a><\/p>\n","protected":false},"author":4340,"featured_media":17586,"comment_status":"open","ping_status":"open","sticky":false,"template":"","format":"standard","meta":{"_mi_skip_tracking":false,"_monsterinsights_sitenote_active":false,"_monsterinsights_sitenote_note":"","_monsterinsights_sitenote_category":0,"footnotes":""},"categories":[200710],"tags":[208793,18310,289670,289669,14581,15901],"_links":{"self":[{"href":"https:\/\/blog.cancaonova.com\/paisecatequistas\/wp-json\/wp\/v2\/posts\/17580"}],"collection":[{"href":"https:\/\/blog.cancaonova.com\/paisecatequistas\/wp-json\/wp\/v2\/posts"}],"about":[{"href":"https:\/\/blog.cancaonova.com\/paisecatequistas\/wp-json\/wp\/v2\/types\/post"}],"author":[{"embeddable":true,"href":"https:\/\/blog.cancaonova.com\/paisecatequistas\/wp-json\/wp\/v2\/users\/4340"}],"replies":[{"embeddable":true,"href":"https:\/\/blog.cancaonova.com\/paisecatequistas\/wp-json\/wp\/v2\/comments?post=17580"}],"version-history":[{"count":2,"href":"https:\/\/blog.cancaonova.com\/paisecatequistas\/wp-json\/wp\/v2\/posts\/17580\/revisions"}],"predecessor-version":[{"id":17587,"href":"https:\/\/blog.cancaonova.com\/paisecatequistas\/wp-json\/wp\/v2\/posts\/17580\/revisions\/17587"}],"wp:featuredmedia":[{"embeddable":true,"href":"https:\/\/blog.cancaonova.com\/paisecatequistas\/wp-json\/wp\/v2\/media\/17586"}],"wp:attachment":[{"href":"https:\/\/blog.cancaonova.com\/paisecatequistas\/wp-json\/wp\/v2\/media?parent=17580"}],"wp:term":[{"taxonomy":"category","embeddable":true,"href":"https:\/\/blog.cancaonova.com\/paisecatequistas\/wp-json\/wp\/v2\/categories?post=17580"},{"taxonomy":"post_tag","embeddable":true,"href":"https:\/\/blog.cancaonova.com\/paisecatequistas\/wp-json\/wp\/v2\/tags?post=17580"}],"curies":[{"name":"wp","href":"https:\/\/api.w.org\/{rel}","templated":true}]}}