{"id":17606,"date":"2024-07-02T16:55:38","date_gmt":"2024-07-02T18:55:38","guid":{"rendered":"https:\/\/blog.cancaonova.com\/paisecatequistas\/?p=17606"},"modified":"2026-03-05T10:35:19","modified_gmt":"2026-03-05T12:35:19","slug":"17606","status":"publish","type":"post","link":"https:\/\/blog.cancaonova.com\/paisecatequistas\/17606\/","title":{"rendered":"As promessas do Sagrado Cora\u00e7\u00e3o de Jesus"},"content":{"rendered":"<p>Voc\u00ea conhece o Sagrado Cora\u00e7\u00e3o de Jesus?<\/p>\n<p>Esse \u00e9 o Cora\u00e7\u00e3o de Jesus de onde brota todo o amor que Ele tem por cada um de n\u00f3s.<\/p>\n<p>A festa do Sagrado Cora\u00e7\u00e3o \u00e9 celebrada sempre na primeira sexta-feira depois da Solenidade de Corpus Christi, que \u00e9 a festa do Corpo e Sangue de Cristo.<\/p>\n<p>Vamos conhecer mais sobre isso com o Catekids?<\/p>\n<p><iframe loading=\"lazy\" title=\"CateKids: Sagrado Cora\u00c3\u00a7\u00c3\u00a3o de Jesus\" width=\"600\" height=\"338\" src=\"https:\/\/www.youtube.com\/embed\/3JrSnU-E1hE?feature=oembed&amp;rel=0\" frameborder=\"0\" allow=\"accelerometer; autoplay; clipboard-write; encrypted-media; gyroscope; picture-in-picture; web-share\" referrerpolicy=\"strict-origin-when-cross-origin\" allowfullscreen><\/iframe><\/p>\n<p><a href=\"http:\/\/blog.cancaonova.com\/paisecatequistas\/files\/2024\/07\/Captura-de-tela-2024-07-03-080803.png\"><img loading=\"lazy\" decoding=\"async\" class=\"size-full wp-image-17614 alignnone\" src=\"http:\/\/blog.cancaonova.com\/paisecatequistas\/files\/2024\/07\/Captura-de-tela-2024-07-03-080803.png\" alt=\"\" width=\"999\" height=\"683\" srcset=\"https:\/\/blog.cancaonova.com\/paisecatequistas\/files\/2024\/07\/Captura-de-tela-2024-07-03-080803.png 999w, https:\/\/blog.cancaonova.com\/paisecatequistas\/files\/2024\/07\/Captura-de-tela-2024-07-03-080803-300x205.png 300w, https:\/\/blog.cancaonova.com\/paisecatequistas\/files\/2024\/07\/Captura-de-tela-2024-07-03-080803-768x525.png 768w\" sizes=\"(max-width: 999px) 100vw, 999px\" \/><\/a><\/p>\n<p><a href=\"https:\/\/blog.cancaonova.com\/paisecatequistas\/files\/2024\/07\/sagrado-Coracao-de-Jesus.pdf\"><img loading=\"lazy\" decoding=\"async\" class=\"wp-image-17608 alignnone\" src=\"http:\/\/blog.cancaonova.com\/paisecatequistas\/files\/2024\/07\/02-Sagrado-Coracao-de-Jesus-1.jpg\" alt=\"\" width=\"518\" height=\"920\" srcset=\"https:\/\/blog.cancaonova.com\/paisecatequistas\/files\/2024\/07\/02-Sagrado-Coracao-de-Jesus-1.jpg 854w, https:\/\/blog.cancaonova.com\/paisecatequistas\/files\/2024\/07\/02-Sagrado-Coracao-de-Jesus-1-169x300.jpg 169w, https:\/\/blog.cancaonova.com\/paisecatequistas\/files\/2024\/07\/02-Sagrado-Coracao-de-Jesus-1-768x1363.jpg 768w\" sizes=\"(max-width: 518px) 100vw, 518px\" \/><\/a><\/p>\n<p>&nbsp;<\/p>\n","protected":false},"excerpt":{"rendered":"<p>Voc\u00ea conhece o Sagrado Cora\u00e7\u00e3o de Jesus?<\/p>\n<p>Esse \u00e9 o Cora\u00e7\u00e3o de Jesus de onde brota todo o amor que Ele tem por cada um de n\u00f3s. <a href=\"https:\/\/blog.cancaonova.com\/paisecatequistas\/17606\/\">Continue lendo <span class=\"meta-nav\">&rarr;<\/span><\/a><\/p>\n","protected":false},"author":4340,"featured_media":17607,"comment_status":"closed","ping_status":"closed","sticky":false,"template":"","format":"standard","meta":{"_mi_skip_tracking":false,"_monsterinsights_sitenote_active":false,"_monsterinsights_sitenote_note":"","_monsterinsights_sitenote_category":0,"footnotes":""},"categories":[200710],"tags":[16595,27268,21360],"_links":{"self":[{"href":"https:\/\/blog.cancaonova.com\/paisecatequistas\/wp-json\/wp\/v2\/posts\/17606"}],"collection":[{"href":"https:\/\/blog.cancaonova.com\/paisecatequistas\/wp-json\/wp\/v2\/posts"}],"about":[{"href":"https:\/\/blog.cancaonova.com\/paisecatequistas\/wp-json\/wp\/v2\/types\/post"}],"author":[{"embeddable":true,"href":"https:\/\/blog.cancaonova.com\/paisecatequistas\/wp-json\/wp\/v2\/users\/4340"}],"replies":[{"embeddable":true,"href":"https:\/\/blog.cancaonova.com\/paisecatequistas\/wp-json\/wp\/v2\/comments?post=17606"}],"version-history":[{"count":8,"href":"https:\/\/blog.cancaonova.com\/paisecatequistas\/wp-json\/wp\/v2\/posts\/17606\/revisions"}],"predecessor-version":[{"id":20223,"href":"https:\/\/blog.cancaonova.com\/paisecatequistas\/wp-json\/wp\/v2\/posts\/17606\/revisions\/20223"}],"wp:featuredmedia":[{"embeddable":true,"href":"https:\/\/blog.cancaonova.com\/paisecatequistas\/wp-json\/wp\/v2\/media\/17607"}],"wp:attachment":[{"href":"https:\/\/blog.cancaonova.com\/paisecatequistas\/wp-json\/wp\/v2\/media?parent=17606"}],"wp:term":[{"taxonomy":"category","embeddable":true,"href":"https:\/\/blog.cancaonova.com\/paisecatequistas\/wp-json\/wp\/v2\/categories?post=17606"},{"taxonomy":"post_tag","embeddable":true,"href":"https:\/\/blog.cancaonova.com\/paisecatequistas\/wp-json\/wp\/v2\/tags?post=17606"}],"curies":[{"name":"wp","href":"https:\/\/api.w.org\/{rel}","templated":true}]}}