{"id":17628,"date":"2024-07-08T11:06:58","date_gmt":"2024-07-08T13:06:58","guid":{"rendered":"https:\/\/blog.cancaonova.com\/paisecatequistas\/?p=17628"},"modified":"2024-07-08T11:25:13","modified_gmt":"2024-07-08T13:25:13","slug":"sentinelas-fiz-tudo-e-nao-fiz-nada","status":"publish","type":"post","link":"https:\/\/blog.cancaonova.com\/paisecatequistas\/sentinelas-fiz-tudo-e-nao-fiz-nada\/","title":{"rendered":"Sentinelas: Fiz tudo e n\u00e3o fiz nada!"},"content":{"rendered":"<p>As vezes fazemos tantas coisas, temos tantos compromissos, mas no fim parece que n\u00e3o fizemos nada! Isso j\u00e1 aconteceu com voc\u00ea?<\/p>\n<p><iframe loading=\"lazy\" title=\"Sentinelas: Fiz tudo e n\u00c3\u00a3o fiz nada\" width=\"600\" height=\"338\" src=\"https:\/\/www.youtube.com\/embed\/q4LvXy034qc?feature=oembed&amp;rel=0\" frameborder=\"0\" allow=\"accelerometer; autoplay; clipboard-write; encrypted-media; gyroscope; picture-in-picture; web-share\" referrerpolicy=\"strict-origin-when-cross-origin\" allowfullscreen><\/iframe><\/p>\n","protected":false},"excerpt":{"rendered":"<p>As vezes fazemos tantas coisas, temos tantos compromissos, mas no fim parece que n\u00e3o fizemos nada! Isso j\u00e1 aconteceu com voc\u00ea? <a href=\"https:\/\/blog.cancaonova.com\/paisecatequistas\/sentinelas-fiz-tudo-e-nao-fiz-nada\/\">Continue lendo <span class=\"meta-nav\">&rarr;<\/span><\/a><\/p>\n","protected":false},"author":4340,"featured_media":17629,"comment_status":"open","ping_status":"open","sticky":false,"template":"","format":"standard","meta":{"_mi_skip_tracking":false,"_monsterinsights_sitenote_active":false,"_monsterinsights_sitenote_note":"","_monsterinsights_sitenote_category":0,"footnotes":""},"categories":[200710],"tags":[16619,8001,192567],"_links":{"self":[{"href":"https:\/\/blog.cancaonova.com\/paisecatequistas\/wp-json\/wp\/v2\/posts\/17628"}],"collection":[{"href":"https:\/\/blog.cancaonova.com\/paisecatequistas\/wp-json\/wp\/v2\/posts"}],"about":[{"href":"https:\/\/blog.cancaonova.com\/paisecatequistas\/wp-json\/wp\/v2\/types\/post"}],"author":[{"embeddable":true,"href":"https:\/\/blog.cancaonova.com\/paisecatequistas\/wp-json\/wp\/v2\/users\/4340"}],"replies":[{"embeddable":true,"href":"https:\/\/blog.cancaonova.com\/paisecatequistas\/wp-json\/wp\/v2\/comments?post=17628"}],"version-history":[{"count":1,"href":"https:\/\/blog.cancaonova.com\/paisecatequistas\/wp-json\/wp\/v2\/posts\/17628\/revisions"}],"predecessor-version":[{"id":17630,"href":"https:\/\/blog.cancaonova.com\/paisecatequistas\/wp-json\/wp\/v2\/posts\/17628\/revisions\/17630"}],"wp:featuredmedia":[{"embeddable":true,"href":"https:\/\/blog.cancaonova.com\/paisecatequistas\/wp-json\/wp\/v2\/media\/17629"}],"wp:attachment":[{"href":"https:\/\/blog.cancaonova.com\/paisecatequistas\/wp-json\/wp\/v2\/media?parent=17628"}],"wp:term":[{"taxonomy":"category","embeddable":true,"href":"https:\/\/blog.cancaonova.com\/paisecatequistas\/wp-json\/wp\/v2\/categories?post=17628"},{"taxonomy":"post_tag","embeddable":true,"href":"https:\/\/blog.cancaonova.com\/paisecatequistas\/wp-json\/wp\/v2\/tags?post=17628"}],"curies":[{"name":"wp","href":"https:\/\/api.w.org\/{rel}","templated":true}]}}