{"id":17676,"date":"2024-07-26T08:20:04","date_gmt":"2024-07-26T10:20:04","guid":{"rendered":"https:\/\/blog.cancaonova.com\/paisecatequistas\/?p=17676"},"modified":"2024-07-26T10:05:53","modified_gmt":"2024-07-26T12:05:53","slug":"teatro-imaculado-coracao-de-maria-refugio-das-familias","status":"publish","type":"post","link":"https:\/\/blog.cancaonova.com\/paisecatequistas\/teatro-imaculado-coracao-de-maria-refugio-das-familias\/","title":{"rendered":"Teatro - Imaculado Cora\u00e7\u00e3o de Maria: Ref\u00fagio das fam\u00edlias"},"content":{"rendered":"<p>Apresentamos a voc\u00ea e a sua fam\u00edlia um lindo teatro realizado no Kairos Kids 2023, onde podemos tocar nessa linda promessa que Nossa Senhora de F\u00e1tima fez a L\u00facia, uma das tr\u00eas crian\u00e7as pastorinhas a quem Ela apareceu em F\u00e1tima, Portugal, no ano de 1917.<\/p>\n<p>Re\u00fana a fam\u00edlia e fa\u00e7am juntos essa experi\u00eancia com o Imaculado Cora\u00e7\u00e3o de Maria, ref\u00fagio das fam\u00edlias.<\/p>\n<p><iframe loading=\"lazy\" title=\"KAIR\u00c3\u0093S KIDS - Imaculado Cora\u00c3\u00a7\u00c3\u00a3o de Maria: Ref\u00c3\u00bagio das fam\u00c3\u00adlias\" width=\"600\" height=\"338\" src=\"https:\/\/www.youtube.com\/embed\/Hl9atmnDzbo?feature=oembed&amp;rel=0\" frameborder=\"0\" allow=\"accelerometer; autoplay; clipboard-write; encrypted-media; gyroscope; picture-in-picture; web-share\" referrerpolicy=\"strict-origin-when-cross-origin\" allowfullscreen><\/iframe><\/p>\n","protected":false},"excerpt":{"rendered":"<p>Apresentamos a voc\u00ea e a sua fam\u00edlia um lindo teatro realizado no Kair\u00f3s Kids 2023, onde podemos tocar nesta linda promessa que Nossa Senhora de F\u00e1tima fez a L\u00facia, uma das tr\u00eas crian\u00e7as pastorinhas \u00e0 quem Ela apareceu em F\u00e1tima no ano de 1917. <a href=\"https:\/\/blog.cancaonova.com\/paisecatequistas\/teatro-imaculado-coracao-de-maria-refugio-das-familias\/\">Continue lendo <span class=\"meta-nav\">&rarr;<\/span><\/a><\/p>\n","protected":false},"author":4340,"featured_media":17677,"comment_status":"open","ping_status":"open","sticky":false,"template":"","format":"standard","meta":{"_mi_skip_tracking":false,"_monsterinsights_sitenote_active":false,"_monsterinsights_sitenote_note":"","_monsterinsights_sitenote_category":0,"footnotes":""},"categories":[289677],"tags":[183449,16619,16851,19464,221,5261,18235,289685,15641],"_links":{"self":[{"href":"https:\/\/blog.cancaonova.com\/paisecatequistas\/wp-json\/wp\/v2\/posts\/17676"}],"collection":[{"href":"https:\/\/blog.cancaonova.com\/paisecatequistas\/wp-json\/wp\/v2\/posts"}],"about":[{"href":"https:\/\/blog.cancaonova.com\/paisecatequistas\/wp-json\/wp\/v2\/types\/post"}],"author":[{"embeddable":true,"href":"https:\/\/blog.cancaonova.com\/paisecatequistas\/wp-json\/wp\/v2\/users\/4340"}],"replies":[{"embeddable":true,"href":"https:\/\/blog.cancaonova.com\/paisecatequistas\/wp-json\/wp\/v2\/comments?post=17676"}],"version-history":[{"count":3,"href":"https:\/\/blog.cancaonova.com\/paisecatequistas\/wp-json\/wp\/v2\/posts\/17676\/revisions"}],"predecessor-version":[{"id":17720,"href":"https:\/\/blog.cancaonova.com\/paisecatequistas\/wp-json\/wp\/v2\/posts\/17676\/revisions\/17720"}],"wp:featuredmedia":[{"embeddable":true,"href":"https:\/\/blog.cancaonova.com\/paisecatequistas\/wp-json\/wp\/v2\/media\/17677"}],"wp:attachment":[{"href":"https:\/\/blog.cancaonova.com\/paisecatequistas\/wp-json\/wp\/v2\/media?parent=17676"}],"wp:term":[{"taxonomy":"category","embeddable":true,"href":"https:\/\/blog.cancaonova.com\/paisecatequistas\/wp-json\/wp\/v2\/categories?post=17676"},{"taxonomy":"post_tag","embeddable":true,"href":"https:\/\/blog.cancaonova.com\/paisecatequistas\/wp-json\/wp\/v2\/tags?post=17676"}],"curies":[{"name":"wp","href":"https:\/\/api.w.org\/{rel}","templated":true}]}}