{"id":17681,"date":"2024-07-30T12:16:19","date_gmt":"2024-07-30T14:16:19","guid":{"rendered":"https:\/\/blog.cancaonova.com\/paisecatequistas\/?p=17681"},"modified":"2024-08-21T09:47:25","modified_gmt":"2024-08-21T11:47:25","slug":"mapa-da-cancao-nova-centro-de-evangelizacao","status":"publish","type":"post","link":"https:\/\/blog.cancaonova.com\/paisecatequistas\/mapa-da-cancao-nova-centro-de-evangelizacao\/","title":{"rendered":"Vamos montar o Centro de Evangeliza\u00e7\u00e3o?"},"content":{"rendered":"<p>A nossa montagem deste m\u00eas de agosto \u00e9 o Centro de Evangeliza\u00e7\u00e3o Dom Jo\u00e3o Hip\u00f3lito de Moraes.<\/p>\n<p>A crian\u00e7a que \u00e9 s\u00f3cia KIDS\u00a0 e recebe a nossa Revista todo m\u00eas, j\u00e1 aguarda na expectativa o <strong>lugar<\/strong> especial que ao longo desse ano ela\u00a0 vai montar e compor o Mapa da Can\u00e7\u00e3o Nova, junto com a Sarah<\/p>\n<p><iframe loading=\"lazy\" title=\"Mapa da Can\u00c3\u00a7\u00c3\u00a3o Nova: Centro de Evangeliza\u00c3\u00a7\u00c3\u00a3o\" width=\"600\" height=\"338\" src=\"https:\/\/www.youtube.com\/embed\/tinFPrpF3tE?feature=oembed&amp;rel=0\" frameborder=\"0\" allow=\"accelerometer; autoplay; clipboard-write; encrypted-media; gyroscope; picture-in-picture; web-share\" referrerpolicy=\"strict-origin-when-cross-origin\" allowfullscreen><\/iframe><\/p>\n<p>&nbsp;<\/p>\n<p>&nbsp;<\/p>\n","protected":false},"excerpt":{"rendered":"<p>A nossa montagem deste m\u00eas de agosto \u00e9 o Centro de Evangeliza\u00e7\u00e3o Dom Jo\u00e3o Hip\u00f3lito de Moraes.\u00a0<\/p>\n<p>A crian\u00e7a que \u00e9 s\u00f3cia kids e recebe a nossa Revista todo m\u00eas, j\u00e1 aguarda na expectativa o lugar especial que ao longo desse ano ela\u00a0 vai montar e compor o Mapa da Can\u00e7\u00e3o Nova, junto com a Sarah <a href=\"https:\/\/blog.cancaonova.com\/paisecatequistas\/mapa-da-cancao-nova-centro-de-evangelizacao\/\">Continue lendo <span class=\"meta-nav\">&rarr;<\/span><\/a><\/p>\n","protected":false},"author":4340,"featured_media":17776,"comment_status":"open","ping_status":"open","sticky":false,"template":"","format":"standard","meta":{"_mi_skip_tracking":false,"_monsterinsights_sitenote_active":false,"_monsterinsights_sitenote_note":"","_monsterinsights_sitenote_category":0,"footnotes":""},"categories":[289677],"tags":[18813,5011,289686,18235,19115,15901],"_links":{"self":[{"href":"https:\/\/blog.cancaonova.com\/paisecatequistas\/wp-json\/wp\/v2\/posts\/17681"}],"collection":[{"href":"https:\/\/blog.cancaonova.com\/paisecatequistas\/wp-json\/wp\/v2\/posts"}],"about":[{"href":"https:\/\/blog.cancaonova.com\/paisecatequistas\/wp-json\/wp\/v2\/types\/post"}],"author":[{"embeddable":true,"href":"https:\/\/blog.cancaonova.com\/paisecatequistas\/wp-json\/wp\/v2\/users\/4340"}],"replies":[{"embeddable":true,"href":"https:\/\/blog.cancaonova.com\/paisecatequistas\/wp-json\/wp\/v2\/comments?post=17681"}],"version-history":[{"count":4,"href":"https:\/\/blog.cancaonova.com\/paisecatequistas\/wp-json\/wp\/v2\/posts\/17681\/revisions"}],"predecessor-version":[{"id":17777,"href":"https:\/\/blog.cancaonova.com\/paisecatequistas\/wp-json\/wp\/v2\/posts\/17681\/revisions\/17777"}],"wp:featuredmedia":[{"embeddable":true,"href":"https:\/\/blog.cancaonova.com\/paisecatequistas\/wp-json\/wp\/v2\/media\/17776"}],"wp:attachment":[{"href":"https:\/\/blog.cancaonova.com\/paisecatequistas\/wp-json\/wp\/v2\/media?parent=17681"}],"wp:term":[{"taxonomy":"category","embeddable":true,"href":"https:\/\/blog.cancaonova.com\/paisecatequistas\/wp-json\/wp\/v2\/categories?post=17681"},{"taxonomy":"post_tag","embeddable":true,"href":"https:\/\/blog.cancaonova.com\/paisecatequistas\/wp-json\/wp\/v2\/tags?post=17681"}],"curies":[{"name":"wp","href":"https:\/\/api.w.org\/{rel}","templated":true}]}}