{"id":17699,"date":"2024-07-31T16:03:20","date_gmt":"2024-07-31T18:03:20","guid":{"rendered":"https:\/\/blog.cancaonova.com\/paisecatequistas\/?p=17699"},"modified":"2025-07-30T13:43:14","modified_gmt":"2025-07-30T15:43:14","slug":"sao-maximiliano-maria-kolbe","status":"publish","type":"post","link":"https:\/\/blog.cancaonova.com\/paisecatequistas\/sao-maximiliano-maria-kolbe\/","title":{"rendered":"Kolbe: Um Menino e Seu Destino"},"content":{"rendered":"<p>Voc\u00ea gosta de f\u00e9rias?<\/p>\n<p>Essa \u00e9 a hist\u00f3ria de um menino que, quando estava em per\u00edodo de f\u00e9rias, quase colocava a mam\u00e3e dele doida dentro de casa, porque ele era muito do barulho, corria de um lado ao outro. Esse menino era o pequeno Maximiliano Kolbe. De t\u00e3o arteiro, um dia sua m\u00e3e lhe disse:<em> \u201cMeu Deus, o que voc\u00ea vai ser quando crescer?\u201d, <\/em>e isso fez toda a diferen\u00e7a em sua vida.<\/p>\n<p>Mas antes de contar a hist\u00f3ria, vou dar alguns detalhes de sua vida.<\/p>\n<p>Ele nasceu na Pol\u00f4nia, e seu verdadeiro nome era Raimundo. Seu passatempo preferido era pesquisar e catalogar \u00e1rvores. Foi professor para ensinar o caminho da salva\u00e7\u00e3o. Viveu sua juventude durante a Segunda Guerra Mundial, quando foi preso duas vezes e chegou a dar a sua vida por um prisioneiro, morrendo no campo de concentra\u00e7\u00e3o.<\/p>\n<p><iframe loading=\"lazy\" title=\"Tia Adelita conta a hist\u00c3\u00b3ria de como S\u00c3\u00a3o Maximiliano kolbe descobriu o que ia ser quando crescesse\" width=\"600\" height=\"338\" src=\"https:\/\/www.youtube.com\/embed\/WihcPGobjpI?list=PLgzp587mOb1n-m4rItAOyEd82O6dgfQ0t&amp;rel=0\" frameborder=\"0\" allow=\"accelerometer; autoplay; clipboard-write; encrypted-media; gyroscope; picture-in-picture; web-share\" referrerpolicy=\"strict-origin-when-cross-origin\" allowfullscreen><\/iframe><\/p>\n<p><a href=\"http:\/\/blog.cancaonova.com\/paisecatequistas\/files\/2024\/07\/14_08Sao-Maximiliano.jpg\"><img loading=\"lazy\" decoding=\"async\" class=\"wp-image-17701 alignnone\" src=\"http:\/\/blog.cancaonova.com\/paisecatequistas\/files\/2024\/07\/14_08Sao-Maximiliano.jpg\" alt=\"\" width=\"530\" height=\"530\" srcset=\"https:\/\/blog.cancaonova.com\/paisecatequistas\/files\/2024\/07\/14_08Sao-Maximiliano.jpg 1200w, https:\/\/blog.cancaonova.com\/paisecatequistas\/files\/2024\/07\/14_08Sao-Maximiliano-300x300.jpg 300w, https:\/\/blog.cancaonova.com\/paisecatequistas\/files\/2024\/07\/14_08Sao-Maximiliano-150x150.jpg 150w, https:\/\/blog.cancaonova.com\/paisecatequistas\/files\/2024\/07\/14_08Sao-Maximiliano-768x768.jpg 768w\" sizes=\"(max-width: 530px) 100vw, 530px\" \/><\/a><\/p>\n<p>&nbsp;<\/p>\n","protected":false},"excerpt":{"rendered":"<p>Esta \u00e9 a historia de um menino que quando estava em per\u00edodo de f\u00e9rias quase colocava a mam\u00e3e dele doida dentro de casa, porque ele era muito\u00a0 do barulho, corria de um lado ao outro. Esse menino era o pequeno Maximiliano Kolbe. De t\u00e3o arteiro um dia sua m\u00e3e lhe disse: \u201cMeu Deus, o que voc\u00ea vai ser quando crescer?\u201d, e isso fez toda a diferen\u00e7a em sua vida.<br \/>\n <a href=\"https:\/\/blog.cancaonova.com\/paisecatequistas\/sao-maximiliano-maria-kolbe\/\">Continue lendo <span class=\"meta-nav\">&rarr;<\/span><\/a><\/p>\n","protected":false},"author":4340,"featured_media":17703,"comment_status":"closed","ping_status":"closed","sticky":false,"template":"","format":"standard","meta":{"_mi_skip_tracking":false,"_monsterinsights_sitenote_active":false,"_monsterinsights_sitenote_note":"","_monsterinsights_sitenote_category":0,"footnotes":""},"categories":[200710],"tags":[289694,289692,289691,7761,289693],"_links":{"self":[{"href":"https:\/\/blog.cancaonova.com\/paisecatequistas\/wp-json\/wp\/v2\/posts\/17699"}],"collection":[{"href":"https:\/\/blog.cancaonova.com\/paisecatequistas\/wp-json\/wp\/v2\/posts"}],"about":[{"href":"https:\/\/blog.cancaonova.com\/paisecatequistas\/wp-json\/wp\/v2\/types\/post"}],"author":[{"embeddable":true,"href":"https:\/\/blog.cancaonova.com\/paisecatequistas\/wp-json\/wp\/v2\/users\/4340"}],"replies":[{"embeddable":true,"href":"https:\/\/blog.cancaonova.com\/paisecatequistas\/wp-json\/wp\/v2\/comments?post=17699"}],"version-history":[{"count":4,"href":"https:\/\/blog.cancaonova.com\/paisecatequistas\/wp-json\/wp\/v2\/posts\/17699\/revisions"}],"predecessor-version":[{"id":19274,"href":"https:\/\/blog.cancaonova.com\/paisecatequistas\/wp-json\/wp\/v2\/posts\/17699\/revisions\/19274"}],"wp:featuredmedia":[{"embeddable":true,"href":"https:\/\/blog.cancaonova.com\/paisecatequistas\/wp-json\/wp\/v2\/media\/17703"}],"wp:attachment":[{"href":"https:\/\/blog.cancaonova.com\/paisecatequistas\/wp-json\/wp\/v2\/media?parent=17699"}],"wp:term":[{"taxonomy":"category","embeddable":true,"href":"https:\/\/blog.cancaonova.com\/paisecatequistas\/wp-json\/wp\/v2\/categories?post=17699"},{"taxonomy":"post_tag","embeddable":true,"href":"https:\/\/blog.cancaonova.com\/paisecatequistas\/wp-json\/wp\/v2\/tags?post=17699"}],"curies":[{"name":"wp","href":"https:\/\/api.w.org\/{rel}","templated":true}]}}