{"id":17727,"date":"2024-08-13T09:15:07","date_gmt":"2024-08-13T11:15:07","guid":{"rendered":"https:\/\/blog.cancaonova.com\/paisecatequistas\/?p=17727"},"modified":"2026-04-28T12:20:18","modified_gmt":"2026-04-28T14:20:18","slug":"padre-jonas-ensina-vocacao-e-dar-vida","status":"publish","type":"post","link":"https:\/\/blog.cancaonova.com\/paisecatequistas\/padre-jonas-ensina-vocacao-e-dar-vida\/","title":{"rendered":"Padre Jonas ensina: voca\u00e7\u00e3o \u00e9 dar a vida"},"content":{"rendered":"<div class=\"segment style-scope ytd-transcript-segment-renderer\" role=\"button\" aria-label=\"0 segundo existe aquela historinha a galinha e o\">\n<p>Com o Padre Jonas, aprendemos uma linda hist\u00f3ria que nos mostra que Deus nos chama a dar mais do que esfor\u00e7o apenas; para ser santo, \u00e9 preciso dar a vida em tudo o que fazemos.<\/p>\n<\/div>\n<p><iframe loading=\"lazy\" title=\"Padre Jonas ensina: Voca\u00c3\u00a7\u00c3\u00a3o \u00c3\u00a9 dar a vida\" width=\"600\" height=\"338\" src=\"https:\/\/www.youtube.com\/embed\/73XBkY9yfXc?feature=oembed&amp;rel=0\" frameborder=\"0\" allow=\"accelerometer; autoplay; clipboard-write; encrypted-media; gyroscope; picture-in-picture; web-share\" referrerpolicy=\"strict-origin-when-cross-origin\" allowfullscreen><\/iframe><\/p>\n<div role=\"button\" aria-label=\"0 segundo existe aquela historinha a galinha e o\"><strong>A Galinha e o Porquinho<\/strong><\/div>\n<div id=\"segments-container\" class=\"style-scope ytd-transcript-segment-list-renderer\">\n<div role=\"button\" aria-label=\"0 segundo existe aquela historinha a galinha e o\"><\/div>\n<div class=\"segment style-scope ytd-transcript-segment-renderer\" role=\"button\" aria-label=\"0 segundo existe aquela historinha a galinha e o\"><em>Era uma vez, uma Galinha e um Porquinho que resolveram tomar um caf\u00e9 juntos em um lanchonete. <\/em><em>Quando l\u00e1 chegaram, pediram o card\u00e1pio e viram que, para o caf\u00e9 da manh\u00e3, tinha ovos estrelados com bacon crocante.<\/em><\/div>\n<div role=\"button\" aria-label=\"0 segundo existe aquela historinha a galinha e o\"><\/div>\n<div role=\"button\" aria-label=\"0 segundo existe aquela historinha a galinha e o\"><em>A Galinha fez a maior festa, come\u00e7ou a cacarejar, porque o prato do dia era ovos estrelados com bacon crocante.\u00a0<\/em><em>Mas, ao contrario da Galinha, o Porquinho abaixou a cabe\u00e7a e ficou triste.\u00a0<\/em><\/div>\n<div role=\"button\" aria-label=\"0 segundo existe aquela historinha a galinha e o\"><\/div>\n<div role=\"button\" aria-label=\"0 segundo existe aquela historinha a galinha e o\"><em>A Galinha ent\u00e3o perguntou:\u00a0<\/em><\/div>\n<div role=\"button\" aria-label=\"0 segundo existe aquela historinha a galinha e o\"><em>_ Porquinho, por que ficou triste? Vamos l\u00e1, anime-se! Vamos tomar um belo caf\u00e9 da manh\u00e3, com ovos estrelados e bacon crocante!<\/em><\/div>\n<div role=\"button\" aria-label=\"0 segundo existe aquela historinha a galinha e o\"><em>Mas o Porquinho, por nada se animou. A Galinha ent\u00e3o, vendo o Porquinho triste e preocupado, perguntou novamente, e por fim o Porquinho respondeu:<\/em><\/div>\n<div role=\"button\" aria-label=\"0 segundo existe aquela historinha a galinha e o\"><em>_ Para voc\u00ea, Dona Galinha, \u00e9 f\u00e1cil botar um ovo. \u00c9 quest\u00e3o de esfor\u00e7o e depois festa. J\u00e1 se tem um ovo! Mas para mim \u00e9 diferente. Para que haja o bacon crocante, eu preciso dar a vida.<\/em><\/div>\n<div role=\"button\" aria-label=\"0 segundo existe aquela historinha a galinha e o\"><\/div>\n<div class=\"segment style-scope ytd-transcript-segment-renderer\" role=\"button\" aria-label=\"35 segundos cabe\u00e7a vamos l\u00e1 porquinho vamos l\u00e1 tomar\"><\/div>\n<div class=\"segment style-scope ytd-transcript-segment-renderer\" role=\"button\" aria-label=\"47 segundos pensando por que que o porquinho est\u00e1\">\n<div class=\"segment-start-offset style-scope ytd-transcript-segment-renderer\" aria-hidden=\"true\">\n<div class=\"segment-timestamp style-scope ytd-transcript-segment-renderer\"><\/div>\n<\/div>\n<\/div>\n<\/div>\n<div id=\"footer\" class=\"style-scope ytd-transcript-renderer\"><\/div>\n<div id=\"footer\" class=\"style-scope ytd-engagement-panel-section-list-renderer\"><\/div>\n<div id=\"chat-container\" class=\"style-scope ytd-watch-flexy\"><\/div>\n","protected":false},"excerpt":{"rendered":"<p>Aprendi com Padre Jonas, a historia do Porquinho e da Galinha <a href=\"https:\/\/blog.cancaonova.com\/paisecatequistas\/padre-jonas-ensina-vocacao-e-dar-vida\/\">Continue lendo <span class=\"meta-nav\">&rarr;<\/span><\/a><\/p>\n","protected":false},"author":4340,"featured_media":17729,"comment_status":"closed","ping_status":"closed","sticky":false,"template":"","format":"standard","meta":{"_mi_skip_tracking":false,"_monsterinsights_sitenote_active":false,"_monsterinsights_sitenote_note":"","_monsterinsights_sitenote_category":0,"footnotes":""},"categories":[200710],"tags":[5011,16595,26984,7671,8181,19413,141],"_links":{"self":[{"href":"https:\/\/blog.cancaonova.com\/paisecatequistas\/wp-json\/wp\/v2\/posts\/17727"}],"collection":[{"href":"https:\/\/blog.cancaonova.com\/paisecatequistas\/wp-json\/wp\/v2\/posts"}],"about":[{"href":"https:\/\/blog.cancaonova.com\/paisecatequistas\/wp-json\/wp\/v2\/types\/post"}],"author":[{"embeddable":true,"href":"https:\/\/blog.cancaonova.com\/paisecatequistas\/wp-json\/wp\/v2\/users\/4340"}],"replies":[{"embeddable":true,"href":"https:\/\/blog.cancaonova.com\/paisecatequistas\/wp-json\/wp\/v2\/comments?post=17727"}],"version-history":[{"count":9,"href":"https:\/\/blog.cancaonova.com\/paisecatequistas\/wp-json\/wp\/v2\/posts\/17727\/revisions"}],"predecessor-version":[{"id":20365,"href":"https:\/\/blog.cancaonova.com\/paisecatequistas\/wp-json\/wp\/v2\/posts\/17727\/revisions\/20365"}],"wp:featuredmedia":[{"embeddable":true,"href":"https:\/\/blog.cancaonova.com\/paisecatequistas\/wp-json\/wp\/v2\/media\/17729"}],"wp:attachment":[{"href":"https:\/\/blog.cancaonova.com\/paisecatequistas\/wp-json\/wp\/v2\/media?parent=17727"}],"wp:term":[{"taxonomy":"category","embeddable":true,"href":"https:\/\/blog.cancaonova.com\/paisecatequistas\/wp-json\/wp\/v2\/categories?post=17727"},{"taxonomy":"post_tag","embeddable":true,"href":"https:\/\/blog.cancaonova.com\/paisecatequistas\/wp-json\/wp\/v2\/tags?post=17727"}],"curies":[{"name":"wp","href":"https:\/\/api.w.org\/{rel}","templated":true}]}}