{"id":17759,"date":"2024-08-16T08:55:05","date_gmt":"2024-08-16T10:55:05","guid":{"rendered":"https:\/\/blog.cancaonova.com\/paisecatequistas\/?p=17759"},"modified":"2024-10-14T11:20:49","modified_gmt":"2024-10-14T13:20:49","slug":"kairos-kids-2024-venha-participar","status":"publish","type":"post","link":"https:\/\/blog.cancaonova.com\/paisecatequistas\/kairos-kids-2024-venha-participar\/","title":{"rendered":"Um sonho que se torna realidade"},"content":{"rendered":"<p>O nosso Kair\u00f3s Kids est\u00e1 chegando!<\/p>\n<p>Dia <strong>20 de outubro<\/strong>, a partir das<strong> 9h, <\/strong>esperamos por voc\u00ea.<\/p>\n<p>Organize sua caravana, re\u00fana as crian\u00e7as de sua fam\u00edlia, da catequese, da escola e venha viver conosco <em><strong>&#8220;O sonho de Jonas&#8221;<\/strong>.<\/em><\/p>\n<p><iframe loading=\"lazy\" title=\"Kair\u00c3\u00b3s Kids 2024: Um convite especial\" width=\"600\" height=\"338\" src=\"https:\/\/www.youtube.com\/embed\/Eod25pMPQkw?feature=oembed&amp;rel=0\" frameborder=\"0\" allow=\"accelerometer; autoplay; clipboard-write; encrypted-media; gyroscope; picture-in-picture; web-share\" referrerpolicy=\"strict-origin-when-cross-origin\" allowfullscreen><\/iframe><\/p>\n<p>Confira a programa\u00e7\u00e3o:<\/p>\n<p><a href=\"http:\/\/blog.cancaonova.com\/paisecatequistas\/files\/2024\/08\/Captura-de-tela-2024-10-14-095528.jpg\"><img loading=\"lazy\" decoding=\"async\" class=\" wp-image-18102 alignnone\" src=\"http:\/\/blog.cancaonova.com\/paisecatequistas\/files\/2024\/08\/Captura-de-tela-2024-10-14-095528.jpg\" alt=\"\" width=\"568\" height=\"807\" srcset=\"https:\/\/blog.cancaonova.com\/paisecatequistas\/files\/2024\/08\/Captura-de-tela-2024-10-14-095528.jpg 477w, https:\/\/blog.cancaonova.com\/paisecatequistas\/files\/2024\/08\/Captura-de-tela-2024-10-14-095528-211x300.jpg 211w\" sizes=\"(max-width: 568px) 100vw, 568px\" \/><\/a><\/p>\n","protected":false},"excerpt":{"rendered":"<p>O nosso Kair\u00f3s Kids esta chegando!!<\/p>\n<p>Dia 22 de outubro a partir das 9h, esperamos por voc\u00ea.\u00a0 <a href=\"https:\/\/blog.cancaonova.com\/paisecatequistas\/kairos-kids-2024-venha-participar\/\">Continue lendo <span class=\"meta-nav\">&rarr;<\/span><\/a><\/p>\n","protected":false},"author":4340,"featured_media":17760,"comment_status":"closed","ping_status":"closed","sticky":false,"template":"","format":"standard","meta":{"_mi_skip_tracking":false,"_monsterinsights_sitenote_active":false,"_monsterinsights_sitenote_note":"","_monsterinsights_sitenote_category":0,"footnotes":""},"categories":[200710],"tags":[6351,52778,5261,18235,289710,23066,17116],"_links":{"self":[{"href":"https:\/\/blog.cancaonova.com\/paisecatequistas\/wp-json\/wp\/v2\/posts\/17759"}],"collection":[{"href":"https:\/\/blog.cancaonova.com\/paisecatequistas\/wp-json\/wp\/v2\/posts"}],"about":[{"href":"https:\/\/blog.cancaonova.com\/paisecatequistas\/wp-json\/wp\/v2\/types\/post"}],"author":[{"embeddable":true,"href":"https:\/\/blog.cancaonova.com\/paisecatequistas\/wp-json\/wp\/v2\/users\/4340"}],"replies":[{"embeddable":true,"href":"https:\/\/blog.cancaonova.com\/paisecatequistas\/wp-json\/wp\/v2\/comments?post=17759"}],"version-history":[{"count":9,"href":"https:\/\/blog.cancaonova.com\/paisecatequistas\/wp-json\/wp\/v2\/posts\/17759\/revisions"}],"predecessor-version":[{"id":18105,"href":"https:\/\/blog.cancaonova.com\/paisecatequistas\/wp-json\/wp\/v2\/posts\/17759\/revisions\/18105"}],"wp:featuredmedia":[{"embeddable":true,"href":"https:\/\/blog.cancaonova.com\/paisecatequistas\/wp-json\/wp\/v2\/media\/17760"}],"wp:attachment":[{"href":"https:\/\/blog.cancaonova.com\/paisecatequistas\/wp-json\/wp\/v2\/media?parent=17759"}],"wp:term":[{"taxonomy":"category","embeddable":true,"href":"https:\/\/blog.cancaonova.com\/paisecatequistas\/wp-json\/wp\/v2\/categories?post=17759"},{"taxonomy":"post_tag","embeddable":true,"href":"https:\/\/blog.cancaonova.com\/paisecatequistas\/wp-json\/wp\/v2\/tags?post=17759"}],"curies":[{"name":"wp","href":"https:\/\/api.w.org\/{rel}","templated":true}]}}