{"id":17828,"date":"2024-09-02T12:01:52","date_gmt":"2024-09-02T14:01:52","guid":{"rendered":"https:\/\/blog.cancaonova.com\/paisecatequistas\/?p=17828"},"modified":"2024-09-25T13:16:35","modified_gmt":"2024-09-25T15:16:35","slug":"aqui-gente-evangeliza-brincando","status":"publish","type":"post","link":"https:\/\/blog.cancaonova.com\/paisecatequistas\/aqui-gente-evangeliza-brincando\/","title":{"rendered":"Vamos evangelizar brincando!"},"content":{"rendered":"<div class=\"segment style-scope ytd-transcript-segment-renderer\" role=\"button\" aria-label=\"9 segundos m\u00eas o centro m\u00e9dico Padre\">\n<div class=\"segment-start-offset style-scope ytd-transcript-segment-renderer\" aria-hidden=\"true\">\n<div class=\"segment-timestamp style-scope ytd-transcript-segment-renderer\">Neste m\u00eas, a edifica\u00e7\u00e3o que iremos montar juntos, na Revista Can\u00e7\u00e3o Nova Kids de setembro, ser\u00e1 o Centro M\u00e9dico Padre Pio.<\/div>\n<\/div>\n<p>Se voc\u00ea quer que seu pequeno entre nessa aventura conosco, ent\u00e3o entre em kids.cancaonova.com e clique em cadastre um s\u00f3cio kids e receba, a\u00ed em sua casa, a nossa Revista Can\u00e7\u00e3o Nova KIDS todos os meses. Venha com a gente evangelizar, porque, aqui, a gente evangeliza brincando!<\/p>\n<\/div>\n<div role=\"button\" aria-label=\"9 segundos m\u00eas o centro m\u00e9dico Padre\"><strong>Confira a pr\u00e9via de setembro<\/strong> =&gt;&gt;\u00a0<a href=\"https:\/\/img.cancaonova.com\/cnimages\/canais\/uploads\/sites\/12\/2024\/08\/Revista-Cancao-Nova-Kids-Setembro-2024.pdf\" target=\"_blank\" rel=\"noopener\">Can\u00e7\u00e3o Nova Kids &#8211; setembro 2024<\/a><\/div>\n<div role=\"button\" aria-label=\"9 segundos m\u00eas o centro m\u00e9dico Padre\"><\/div>\n<p><iframe loading=\"lazy\" title=\"Revista Can\u00c3\u00a7\u00c3\u00a3o Nova Kids I Setembro\" width=\"600\" height=\"338\" src=\"https:\/\/www.youtube.com\/embed\/eyLqx6h3tuA?feature=oembed&amp;rel=0\" frameborder=\"0\" allow=\"accelerometer; autoplay; clipboard-write; encrypted-media; gyroscope; picture-in-picture; web-share\" referrerpolicy=\"strict-origin-when-cross-origin\" allowfullscreen><\/iframe><\/p>\n<p>&nbsp;<\/p>\n","protected":false},"excerpt":{"rendered":"<p>Este m\u00eas a edifica\u00e7\u00e3o que iremos montar juntos na Revista Can\u00e7\u00e3o Nova Kids de Setembro ser\u00e1 o Centro M\u00e9dico Padre Pio.\u00a0 <a href=\"https:\/\/blog.cancaonova.com\/paisecatequistas\/aqui-gente-evangeliza-brincando\/\">Continue lendo <span class=\"meta-nav\">&rarr;<\/span><\/a><\/p>\n","protected":false},"author":4340,"featured_media":17832,"comment_status":"closed","ping_status":"closed","sticky":false,"template":"","format":"standard","meta":{"_mi_skip_tracking":false,"_monsterinsights_sitenote_active":false,"_monsterinsights_sitenote_note":"","_monsterinsights_sitenote_category":0,"footnotes":""},"categories":[200710],"tags":[],"_links":{"self":[{"href":"https:\/\/blog.cancaonova.com\/paisecatequistas\/wp-json\/wp\/v2\/posts\/17828"}],"collection":[{"href":"https:\/\/blog.cancaonova.com\/paisecatequistas\/wp-json\/wp\/v2\/posts"}],"about":[{"href":"https:\/\/blog.cancaonova.com\/paisecatequistas\/wp-json\/wp\/v2\/types\/post"}],"author":[{"embeddable":true,"href":"https:\/\/blog.cancaonova.com\/paisecatequistas\/wp-json\/wp\/v2\/users\/4340"}],"replies":[{"embeddable":true,"href":"https:\/\/blog.cancaonova.com\/paisecatequistas\/wp-json\/wp\/v2\/comments?post=17828"}],"version-history":[{"count":8,"href":"https:\/\/blog.cancaonova.com\/paisecatequistas\/wp-json\/wp\/v2\/posts\/17828\/revisions"}],"predecessor-version":[{"id":17922,"href":"https:\/\/blog.cancaonova.com\/paisecatequistas\/wp-json\/wp\/v2\/posts\/17828\/revisions\/17922"}],"wp:featuredmedia":[{"embeddable":true,"href":"https:\/\/blog.cancaonova.com\/paisecatequistas\/wp-json\/wp\/v2\/media\/17832"}],"wp:attachment":[{"href":"https:\/\/blog.cancaonova.com\/paisecatequistas\/wp-json\/wp\/v2\/media?parent=17828"}],"wp:term":[{"taxonomy":"category","embeddable":true,"href":"https:\/\/blog.cancaonova.com\/paisecatequistas\/wp-json\/wp\/v2\/categories?post=17828"},{"taxonomy":"post_tag","embeddable":true,"href":"https:\/\/blog.cancaonova.com\/paisecatequistas\/wp-json\/wp\/v2\/tags?post=17828"}],"curies":[{"name":"wp","href":"https:\/\/api.w.org\/{rel}","templated":true}]}}