{"id":17935,"date":"2024-09-30T15:05:33","date_gmt":"2024-09-30T17:05:33","guid":{"rendered":"https:\/\/blog.cancaonova.com\/paisecatequistas\/?p=17935"},"modified":"2024-10-01T10:19:37","modified_gmt":"2024-10-01T12:19:37","slug":"um-lugar-especial-na-cancao-nova","status":"publish","type":"post","link":"https:\/\/blog.cancaonova.com\/paisecatequistas\/um-lugar-especial-na-cancao-nova\/","title":{"rendered":"Espa\u00e7o Kids, um lugar especial na Can\u00e7\u00e3o Nova"},"content":{"rendered":"<p>Na Can\u00e7\u00e3o Nova, h\u00e1 um lugar especial para as crian\u00e7as, um Espa\u00e7o Kids onde as crian\u00e7as podem brincar e sentir que, aqui, tem um cantinho especial s\u00f3 para elas.<\/p>\n<p>A Revista Can\u00e7\u00e3o Nova deste m\u00eas de outubro traz o Espa\u00e7o Kids para voc\u00ea recortar, montar e completar mais um lugar no Mapa da Can\u00e7\u00e3o Nova.<\/p>\n<p><iframe loading=\"lazy\" title=\"Revista Can\u00c3\u00a7\u00c3\u00a3o Nova Kids - Montagem do Espa\u00c3\u00a7o Kids\" width=\"600\" height=\"338\" src=\"https:\/\/www.youtube.com\/embed\/rpKjR6lw7ac?feature=oembed&amp;rel=0\" frameborder=\"0\" allow=\"accelerometer; autoplay; clipboard-write; encrypted-media; gyroscope; picture-in-picture; web-share\" referrerpolicy=\"strict-origin-when-cross-origin\" allowfullscreen><\/iframe><\/p>\n","protected":false},"excerpt":{"rendered":"<p>Espa\u00e7o Kids &#8211; Recortar e montar <a href=\"https:\/\/blog.cancaonova.com\/paisecatequistas\/um-lugar-especial-na-cancao-nova\/\">Continue lendo <span class=\"meta-nav\">&rarr;<\/span><\/a><\/p>\n","protected":false},"author":4340,"featured_media":17939,"comment_status":"closed","ping_status":"closed","sticky":false,"template":"","format":"standard","meta":{"_mi_skip_tracking":false,"_monsterinsights_sitenote_active":false,"_monsterinsights_sitenote_note":"","_monsterinsights_sitenote_category":0,"footnotes":""},"categories":[200710],"tags":[16619,8001,289700,18235,15901],"_links":{"self":[{"href":"https:\/\/blog.cancaonova.com\/paisecatequistas\/wp-json\/wp\/v2\/posts\/17935"}],"collection":[{"href":"https:\/\/blog.cancaonova.com\/paisecatequistas\/wp-json\/wp\/v2\/posts"}],"about":[{"href":"https:\/\/blog.cancaonova.com\/paisecatequistas\/wp-json\/wp\/v2\/types\/post"}],"author":[{"embeddable":true,"href":"https:\/\/blog.cancaonova.com\/paisecatequistas\/wp-json\/wp\/v2\/users\/4340"}],"replies":[{"embeddable":true,"href":"https:\/\/blog.cancaonova.com\/paisecatequistas\/wp-json\/wp\/v2\/comments?post=17935"}],"version-history":[{"count":7,"href":"https:\/\/blog.cancaonova.com\/paisecatequistas\/wp-json\/wp\/v2\/posts\/17935\/revisions"}],"predecessor-version":[{"id":17951,"href":"https:\/\/blog.cancaonova.com\/paisecatequistas\/wp-json\/wp\/v2\/posts\/17935\/revisions\/17951"}],"wp:featuredmedia":[{"embeddable":true,"href":"https:\/\/blog.cancaonova.com\/paisecatequistas\/wp-json\/wp\/v2\/media\/17939"}],"wp:attachment":[{"href":"https:\/\/blog.cancaonova.com\/paisecatequistas\/wp-json\/wp\/v2\/media?parent=17935"}],"wp:term":[{"taxonomy":"category","embeddable":true,"href":"https:\/\/blog.cancaonova.com\/paisecatequistas\/wp-json\/wp\/v2\/categories?post=17935"},{"taxonomy":"post_tag","embeddable":true,"href":"https:\/\/blog.cancaonova.com\/paisecatequistas\/wp-json\/wp\/v2\/tags?post=17935"}],"curies":[{"name":"wp","href":"https:\/\/api.w.org\/{rel}","templated":true}]}}