{"id":17990,"date":"2024-10-04T11:53:45","date_gmt":"2024-10-04T13:53:45","guid":{"rendered":"https:\/\/blog.cancaonova.com\/paisecatequistas\/?p=17990"},"modified":"2024-10-07T10:07:02","modified_gmt":"2024-10-07T12:07:02","slug":"maria-mae-das-criancasnov","status":"publish","type":"post","link":"https:\/\/blog.cancaonova.com\/paisecatequistas\/maria-mae-das-criancasnov\/","title":{"rendered":"Maria, M\u00e3e das crian\u00e7as"},"content":{"rendered":"<p>Vamos rezar juntos a Novena a Nossa Senhora Aparecida?<\/p>\n<p><iframe loading=\"lazy\" title=\"1\u00c2\u00ba DIA I Novena de Nossa Senhora Aparecida\" width=\"600\" height=\"338\" src=\"https:\/\/www.youtube.com\/embed\/5eS85rM4Rng?feature=oembed&amp;rel=0\" frameborder=\"0\" allow=\"accelerometer; autoplay; clipboard-write; encrypted-media; gyroscope; picture-in-picture; web-share\" referrerpolicy=\"strict-origin-when-cross-origin\" allowfullscreen><\/iframe><\/p>\n<p><span style=\"color: #0000ff\"><b>Primeiro Dia<\/b><\/span><\/p>\n<p><b> <\/b><span style=\"font-weight: 400\">Maria, M\u00e3e das crian\u00e7as<\/span><\/p>\n<p><span style=\"font-weight: 400\">Neste primeiro dia, vamos rezar por todas as crian\u00e7as do Brasil. Pedimos que Nossa Senhora Aparecida cubra os pequeninos com o seu manto. Vamos rezar nossa novena nessa inten\u00e7\u00e3o? Podemos tamb\u00e9m acrescentar o nosso pedido.<\/span><\/p>\n<p>&nbsp;<\/p>\n<p><span style=\"color: #0000ff\"><b>Ora\u00e7\u00e3o Inicial<\/b><\/span><\/p>\n<p><i><span style=\"font-weight: 400\">Meu Deus, vinde em meu aux\u00edlio.<\/span><\/i><\/p>\n<p><i><span style=\"font-weight: 400\">Senhor, apressai-vos em me socorrer.<\/span><\/i><\/p>\n<p>&nbsp;<\/p>\n<p><i><span style=\"font-weight: 400\">Senhora Aparecida, milagrosa Padroeira, sede nossa guia nesta mortal carreira! <\/span><\/i><\/p>\n<p><i><span style=\"font-weight: 400\">\u00d3 Virgem Aparecida, sacr\u00e1rio do Redentor, da\u00ed \u00e0 alma desfalecida vosso poder e valor.<\/span><\/i><\/p>\n<p><i><span style=\"font-weight: 400\">\u00d3 Virgem Aparecida, fiel e seguro norte, alcan\u00e7ai-nos gra\u00e7as na vida, favorecei-nos na morte!\u00a0<\/span><\/i><\/p>\n<p>&nbsp;<\/p>\n<p><i><span style=\"font-weight: 400\">Pai Nosso&#8230;\u00a0<\/span><\/i><\/p>\n<p><i><span style=\"font-weight: 400\">Ave Maria&#8230;\u00a0<\/span><\/i><\/p>\n<p><i><span style=\"font-weight: 400\">Gl\u00f3ria&#8230;.<\/span><\/i><\/p>\n<p><span style=\"font-weight: 400\">Em nome do Pai, do Filho e do Esp\u00edrito Santo, Am\u00e9m!<\/span><\/p>\n<p><span style=\"font-weight: 400\"> Nossa Senhora Aparecida, rogai por n\u00f3s! Obrigado por rezar no nosso primeiro dia de Novena .<\/span><\/p>\n<p><span style=\"color: #0000ff\"><strong><a style=\"color: #0000ff\" href=\"https:\/\/blog.cancaonova.com\/paisecatequistas\/wp-admin\/post.php?post=13057&amp;action=edit&amp;classic-editor\">Voc\u00ea sabia que no Vaticano tem um lugar especial para Nossa Senhora Aparecida?<\/a><\/strong><\/span><\/p>\n<p><a href=\"http:\/\/blog.cancaonova.com\/paisecatequistas\/files\/2024\/10\/PAPA.png\"><img loading=\"lazy\" decoding=\"async\" class=\"size-full wp-image-18029 alignnone\" src=\"http:\/\/blog.cancaonova.com\/paisecatequistas\/files\/2024\/10\/PAPA.png\" alt=\"\" width=\"1000\" height=\"385\" srcset=\"https:\/\/blog.cancaonova.com\/paisecatequistas\/files\/2024\/10\/PAPA.png 1000w, https:\/\/blog.cancaonova.com\/paisecatequistas\/files\/2024\/10\/PAPA-300x116.png 300w, https:\/\/blog.cancaonova.com\/paisecatequistas\/files\/2024\/10\/PAPA-768x296.png 768w\" sizes=\"(max-width: 1000px) 100vw, 1000px\" \/><\/a><\/p>\n<p>&nbsp;<\/p>\n<p>&nbsp;<\/p>\n<p>&nbsp;<\/p>\n","protected":false},"excerpt":{"rendered":"<p>Novena Nossa Senhora Aparecida <a href=\"https:\/\/blog.cancaonova.com\/paisecatequistas\/maria-mae-das-criancasnov\/\">Continue lendo <span class=\"meta-nav\">&rarr;<\/span><\/a><\/p>\n","protected":false},"author":4340,"featured_media":17992,"comment_status":"closed","ping_status":"closed","sticky":false,"template":"","format":"standard","meta":{"_mi_skip_tracking":false,"_monsterinsights_sitenote_active":false,"_monsterinsights_sitenote_note":"","_monsterinsights_sitenote_category":0,"footnotes":""},"categories":[200710],"tags":[5011,16595,8591,12951],"_links":{"self":[{"href":"https:\/\/blog.cancaonova.com\/paisecatequistas\/wp-json\/wp\/v2\/posts\/17990"}],"collection":[{"href":"https:\/\/blog.cancaonova.com\/paisecatequistas\/wp-json\/wp\/v2\/posts"}],"about":[{"href":"https:\/\/blog.cancaonova.com\/paisecatequistas\/wp-json\/wp\/v2\/types\/post"}],"author":[{"embeddable":true,"href":"https:\/\/blog.cancaonova.com\/paisecatequistas\/wp-json\/wp\/v2\/users\/4340"}],"replies":[{"embeddable":true,"href":"https:\/\/blog.cancaonova.com\/paisecatequistas\/wp-json\/wp\/v2\/comments?post=17990"}],"version-history":[{"count":10,"href":"https:\/\/blog.cancaonova.com\/paisecatequistas\/wp-json\/wp\/v2\/posts\/17990\/revisions"}],"predecessor-version":[{"id":18042,"href":"https:\/\/blog.cancaonova.com\/paisecatequistas\/wp-json\/wp\/v2\/posts\/17990\/revisions\/18042"}],"wp:featuredmedia":[{"embeddable":true,"href":"https:\/\/blog.cancaonova.com\/paisecatequistas\/wp-json\/wp\/v2\/media\/17992"}],"wp:attachment":[{"href":"https:\/\/blog.cancaonova.com\/paisecatequistas\/wp-json\/wp\/v2\/media?parent=17990"}],"wp:term":[{"taxonomy":"category","embeddable":true,"href":"https:\/\/blog.cancaonova.com\/paisecatequistas\/wp-json\/wp\/v2\/categories?post=17990"},{"taxonomy":"post_tag","embeddable":true,"href":"https:\/\/blog.cancaonova.com\/paisecatequistas\/wp-json\/wp\/v2\/tags?post=17990"}],"curies":[{"name":"wp","href":"https:\/\/api.w.org\/{rel}","templated":true}]}}