{"id":17995,"date":"2024-10-04T13:17:36","date_gmt":"2024-10-04T15:17:36","guid":{"rendered":"https:\/\/blog.cancaonova.com\/paisecatequistas\/?p=17995"},"modified":"2024-10-07T10:05:26","modified_gmt":"2024-10-07T12:05:26","slug":"maria-exemplo-de-obediencia","status":"publish","type":"post","link":"https:\/\/blog.cancaonova.com\/paisecatequistas\/maria-exemplo-de-obediencia\/","title":{"rendered":"Maria, exemplo de obedi\u00eancia"},"content":{"rendered":"<div class=\"segment style-scope ytd-transcript-segment-renderer\" role=\"button\" aria-label=\"2 segundos Santo am\u00e9m segundo dia Maria exemplo de\">\n<p><span style=\"color: #0000ff\"><strong>Segundo Dia da Novena a Nossa Senhora Aparecida<\/strong><\/span><\/p>\n<p>&nbsp;<\/p>\n<\/div>\n<div class=\"segment style-scope ytd-transcript-segment-renderer\" role=\"button\" aria-label=\"2 segundos Santo am\u00e9m segundo dia Maria exemplo de\">Nossa Senhora foi obediente ao pedido de Deus e trouxe a Salva\u00e7\u00e3o para o mundo. Vamos rezar pedindo a Deus para que sejamos obedientes e\u00a0tamb\u00e9m acrescentar o nosso pedido?<\/div>\n<div role=\"button\" aria-label=\"2 segundos Santo am\u00e9m segundo dia Maria exemplo de\"><\/div>\n<div role=\"button\" aria-label=\"2 segundos Santo am\u00e9m segundo dia Maria exemplo de\">\n<p><a href=\"https:\/\/youtu.be\/_RieTPt1D18\">Clique na imagem e reze com os Sentinelas Ana Raquel e Mateus<\/a><\/p>\n<\/div>\n<div role=\"button\" aria-label=\"2 segundos Santo am\u00e9m segundo dia Maria exemplo de\"><a href=\"https:\/\/youtu.be\/_RieTPt1D18\"><img loading=\"lazy\" decoding=\"async\" class=\"wp-image-18010 alignnone\" src=\"http:\/\/blog.cancaonova.com\/paisecatequistas\/files\/2024\/10\/raquel-e-mateus.jpg\" alt=\"\" width=\"916\" height=\"515\" srcset=\"https:\/\/blog.cancaonova.com\/paisecatequistas\/files\/2024\/10\/raquel-e-mateus.jpg 1920w, https:\/\/blog.cancaonova.com\/paisecatequistas\/files\/2024\/10\/raquel-e-mateus-300x169.jpg 300w, https:\/\/blog.cancaonova.com\/paisecatequistas\/files\/2024\/10\/raquel-e-mateus-768x432.jpg 768w, https:\/\/blog.cancaonova.com\/paisecatequistas\/files\/2024\/10\/raquel-e-mateus-384x216.jpg 384w, https:\/\/blog.cancaonova.com\/paisecatequistas\/files\/2024\/10\/raquel-e-mateus-512x288.jpg 512w, https:\/\/blog.cancaonova.com\/paisecatequistas\/files\/2024\/10\/raquel-e-mateus-1024x576.jpg 1024w, https:\/\/blog.cancaonova.com\/paisecatequistas\/files\/2024\/10\/raquel-e-mateus-1536x864.jpg 1536w\" sizes=\"(max-width: 916px) 100vw, 916px\" \/><\/a><\/div>\n<div role=\"button\" aria-label=\"2 segundos Santo am\u00e9m segundo dia Maria exemplo de\">\n<p><span style=\"color: #0000ff\"><strong>Ora\u00e7\u00e3o Inicial<\/strong><\/span><\/p>\n<p><i>Meu Deus, vinde em meu aux\u00edlio.<\/i><\/p>\n<p><i>Senhor, apressai-vos em me socorrer.<\/i><\/p>\n<p><i>Senhora Aparecida, milagrosa Padroeira, sede nossa guia nesta mortal carreira! \u00d3 Virgem Aparecida, sacr\u00e1rio do Redentor, da\u00ed \u00e0 alma desfalecida vosso poder e valor. \u00d3 Virgem Aparecida, fiel e seguro norte, alcan\u00e7ai-nos gra\u00e7as na vida, favorecei-nos na morte!\u00a0<\/i><\/p>\n<p><i>Pai Nosso&#8230;\u00a0<\/i><\/p>\n<p><i>Ave Maria&#8230;\u00a0<\/i><\/p>\n<p><i>Gl\u00f3ria&#8230;<\/i><\/p>\n<\/div>\n<div role=\"button\" aria-label=\"2 segundos Santo am\u00e9m segundo dia Maria exemplo de\">\n<p>Nossa Senhora Aparecida, rogai por n\u00f3s!<\/p>\n<p>Em nome do Pai, do Filho e do Esp\u00edrito Santo. Am\u00e9m!<\/p>\n<p><span style=\"font-weight: 400\">E assim finalizamos o nosso segundo dia de novena. Muito obrigada por ter sido obediente ao chamado de Deus e nos acompanhar neste segundo dia. Que Nossa Senhora Aparecida os cubra com seu manto.<\/span><\/p>\n<\/div>\n<div class=\"segment style-scope ytd-transcript-segment-renderer\" role=\"button\" aria-label=\"2 segundos Santo am\u00e9m segundo dia Maria exemplo de\"><\/div>\n","protected":false},"excerpt":{"rendered":"<p>Segundo Dia da Novena a Nossa Senhora Aparecida &nbsp; Nossa Senhora foi obediente ao pedido de Deus e trouxe a Salva\u00e7\u00e3o para o mundo. Vamos rezar pedindo a Deus para que sejamos obedientes e\u00a0tamb\u00e9m acrescentar o nosso pedido? Clique na&#8230;<\/p>\n","protected":false},"author":4340,"featured_media":17999,"comment_status":"closed","ping_status":"closed","sticky":false,"template":"","format":"standard","meta":{"_mi_skip_tracking":false,"_monsterinsights_sitenote_active":false,"_monsterinsights_sitenote_note":"","_monsterinsights_sitenote_category":0,"footnotes":""},"categories":[200710],"tags":[289702,99049,52778,8591,12951],"_links":{"self":[{"href":"https:\/\/blog.cancaonova.com\/paisecatequistas\/wp-json\/wp\/v2\/posts\/17995"}],"collection":[{"href":"https:\/\/blog.cancaonova.com\/paisecatequistas\/wp-json\/wp\/v2\/posts"}],"about":[{"href":"https:\/\/blog.cancaonova.com\/paisecatequistas\/wp-json\/wp\/v2\/types\/post"}],"author":[{"embeddable":true,"href":"https:\/\/blog.cancaonova.com\/paisecatequistas\/wp-json\/wp\/v2\/users\/4340"}],"replies":[{"embeddable":true,"href":"https:\/\/blog.cancaonova.com\/paisecatequistas\/wp-json\/wp\/v2\/comments?post=17995"}],"version-history":[{"count":11,"href":"https:\/\/blog.cancaonova.com\/paisecatequistas\/wp-json\/wp\/v2\/posts\/17995\/revisions"}],"predecessor-version":[{"id":18040,"href":"https:\/\/blog.cancaonova.com\/paisecatequistas\/wp-json\/wp\/v2\/posts\/17995\/revisions\/18040"}],"wp:featuredmedia":[{"embeddable":true,"href":"https:\/\/blog.cancaonova.com\/paisecatequistas\/wp-json\/wp\/v2\/media\/17999"}],"wp:attachment":[{"href":"https:\/\/blog.cancaonova.com\/paisecatequistas\/wp-json\/wp\/v2\/media?parent=17995"}],"wp:term":[{"taxonomy":"category","embeddable":true,"href":"https:\/\/blog.cancaonova.com\/paisecatequistas\/wp-json\/wp\/v2\/categories?post=17995"},{"taxonomy":"post_tag","embeddable":true,"href":"https:\/\/blog.cancaonova.com\/paisecatequistas\/wp-json\/wp\/v2\/tags?post=17995"}],"curies":[{"name":"wp","href":"https:\/\/api.w.org\/{rel}","templated":true}]}}