{"id":18014,"date":"2024-10-04T13:48:08","date_gmt":"2024-10-04T15:48:08","guid":{"rendered":"https:\/\/blog.cancaonova.com\/paisecatequistas\/?p=18014"},"modified":"2024-10-04T14:26:41","modified_gmt":"2024-10-04T16:26:41","slug":"maria-exemplo-de-humildade","status":"publish","type":"post","link":"https:\/\/blog.cancaonova.com\/paisecatequistas\/maria-exemplo-de-humildade\/","title":{"rendered":"Maria, exemplo de humildade"},"content":{"rendered":"<p><span style=\"color: #0000ff\"><strong>Terceiro Dia da Novena a Nossa Senhora Aparecida<\/strong><\/span><\/p>\n<p><span style=\"font-weight: 400\">A humildade \u00e9 uma virtude muito bela de Maria. Vamos rezar pedindo a sua intercess\u00e3o para que sejamos como ela, humildes de cora\u00e7\u00e3o? <\/span><\/p>\n<p><span style=\"font-weight: 400\">Agora, podemos tamb\u00e9m acrescentar o nosso pedido&#8230;<\/span><\/p>\n<p><iframe loading=\"lazy\" title=\"3\u00c2\u00ba DIA I Novena de Nossa Senhora Aparecida\" width=\"600\" height=\"338\" src=\"https:\/\/www.youtube.com\/embed\/t4MT7O4YhJA?feature=oembed&amp;rel=0\" frameborder=\"0\" allow=\"accelerometer; autoplay; clipboard-write; encrypted-media; gyroscope; picture-in-picture; web-share\" referrerpolicy=\"strict-origin-when-cross-origin\" allowfullscreen><\/iframe><\/p>\n<p><span style=\"color: #0000ff\"><b>Ora\u00e7\u00e3o Inicial<\/b><\/span><\/p>\n<p><i><span style=\"font-weight: 400\">Meu Deus, vinde em meu aux\u00edlio.<\/span><\/i><\/p>\n<p><i><span style=\"font-weight: 400\">Senhor, apressai-vos em me socorrer.<\/span><\/i><\/p>\n<p><i><span style=\"font-weight: 400\">Senhora Aparecida, milagrosa Padroeira, sede nossa guia nesta mortal carreira! <\/span><\/i><\/p>\n<p><i><span style=\"font-weight: 400\">\u00d3 Virgem Aparecida, sacr\u00e1rio do Redentor, da\u00ed \u00e0 alma desfalecida vosso poder e valor. <\/span><\/i><\/p>\n<p><i><span style=\"font-weight: 400\">\u00d3 Virgem Aparecida, fiel e seguro norte, alcan\u00e7ai-nos gra\u00e7as na vida, favorecei-nos na morte!\u00a0<\/span><\/i><\/p>\n<p>&nbsp;<\/p>\n<p><i><span style=\"font-weight: 400\">Pai Nosso&#8230;\u00a0<\/span><\/i><\/p>\n<p><i><span style=\"font-weight: 400\">Ave Maria&#8230;\u00a0<\/span><\/i><\/p>\n<p><i><span style=\"font-weight: 400\">Gl\u00f3ria&#8230;<\/span><\/i><\/p>\n<p><span style=\"color: #0000ff\"><strong>Final: <\/strong><\/span><span style=\"font-weight: 400\">Em nome do Pai, do Filho e do Esp\u00edrito Santo. Am\u00e9m! Nossa Senhora Aparecida, rogai por n\u00f3s! Obrigado por rezar conosco.<br \/>\nTchau! At\u00e9 amanh\u00e3!\u00a0<\/span><\/p>\n","protected":false},"excerpt":{"rendered":"<p>Terceiro Dia<\/p>\n<p>A humildade \u00e9 virtude muito bela de Maria. Vamos rezar pedindo a sua intercess\u00e3o para que sejamos como ela, humildes de cora\u00e7\u00e3o?<\/p>\n<p>Agora, podemos tamb\u00e9m acrescentar o nosso pedido&#8230; <a href=\"https:\/\/blog.cancaonova.com\/paisecatequistas\/maria-exemplo-de-humildade\/\">Continue lendo <span class=\"meta-nav\">&rarr;<\/span><\/a><\/p>\n","protected":false},"author":4340,"featured_media":18016,"comment_status":"closed","ping_status":"closed","sticky":false,"template":"","format":"standard","meta":{"_mi_skip_tracking":false,"_monsterinsights_sitenote_active":false,"_monsterinsights_sitenote_note":"","_monsterinsights_sitenote_category":0,"footnotes":""},"categories":[200710],"tags":[289703,6351,16595,289704,192567],"_links":{"self":[{"href":"https:\/\/blog.cancaonova.com\/paisecatequistas\/wp-json\/wp\/v2\/posts\/18014"}],"collection":[{"href":"https:\/\/blog.cancaonova.com\/paisecatequistas\/wp-json\/wp\/v2\/posts"}],"about":[{"href":"https:\/\/blog.cancaonova.com\/paisecatequistas\/wp-json\/wp\/v2\/types\/post"}],"author":[{"embeddable":true,"href":"https:\/\/blog.cancaonova.com\/paisecatequistas\/wp-json\/wp\/v2\/users\/4340"}],"replies":[{"embeddable":true,"href":"https:\/\/blog.cancaonova.com\/paisecatequistas\/wp-json\/wp\/v2\/comments?post=18014"}],"version-history":[{"count":3,"href":"https:\/\/blog.cancaonova.com\/paisecatequistas\/wp-json\/wp\/v2\/posts\/18014\/revisions"}],"predecessor-version":[{"id":18023,"href":"https:\/\/blog.cancaonova.com\/paisecatequistas\/wp-json\/wp\/v2\/posts\/18014\/revisions\/18023"}],"wp:featuredmedia":[{"embeddable":true,"href":"https:\/\/blog.cancaonova.com\/paisecatequistas\/wp-json\/wp\/v2\/media\/18016"}],"wp:attachment":[{"href":"https:\/\/blog.cancaonova.com\/paisecatequistas\/wp-json\/wp\/v2\/media?parent=18014"}],"wp:term":[{"taxonomy":"category","embeddable":true,"href":"https:\/\/blog.cancaonova.com\/paisecatequistas\/wp-json\/wp\/v2\/categories?post=18014"},{"taxonomy":"post_tag","embeddable":true,"href":"https:\/\/blog.cancaonova.com\/paisecatequistas\/wp-json\/wp\/v2\/tags?post=18014"}],"curies":[{"name":"wp","href":"https:\/\/api.w.org\/{rel}","templated":true}]}}