{"id":18020,"date":"2024-10-07T08:37:02","date_gmt":"2024-10-07T10:37:02","guid":{"rendered":"https:\/\/blog.cancaonova.com\/paisecatequistas\/?p=18020"},"modified":"2024-10-07T10:06:26","modified_gmt":"2024-10-07T12:06:26","slug":"maria-mae-da-paciencia","status":"publish","type":"post","link":"https:\/\/blog.cancaonova.com\/paisecatequistas\/maria-mae-da-paciencia\/","title":{"rendered":"Maria, M\u00e3e da paci\u00eancia"},"content":{"rendered":"<p><span style=\"color: #0000ff\"><strong>Quarto dia da Novena a Nossa Senhora Aparecida<\/strong><\/span><\/p>\n<p><span style=\"font-weight: 400\"> Maria, M\u00e3e da paci\u00eancia!<\/span><\/p>\n<p><span style=\"font-weight: 400\">Nossa Senhora soube viver tudo com muita paci\u00eancia, e mesmo vendo Jesus na Cruz, soube suportar tamanha dor, porque acreditou nos planos de Deus.\u00a0<\/span><\/p>\n<p><span style=\"font-weight: 400\">Ah! Como sua paci\u00eancia \u00e9 admir\u00e1vel!<\/span><\/p>\n<p><span style=\"font-weight: 400\"> Vamos pedir o dom da paci\u00eancia junto da nossa inten\u00e7\u00e3o?<\/span><\/p>\n<p><iframe loading=\"lazy\" title=\"4\u00c2\u00ba DIA I Novena de Nossa Senhora Aparecida\" width=\"600\" height=\"338\" src=\"https:\/\/www.youtube.com\/embed\/17RFE7-SjHQ?feature=oembed&amp;rel=0\" frameborder=\"0\" allow=\"accelerometer; autoplay; clipboard-write; encrypted-media; gyroscope; picture-in-picture; web-share\" referrerpolicy=\"strict-origin-when-cross-origin\" allowfullscreen><\/iframe><\/p>\n<p><span style=\"color: #0000ff\"><b>Ora\u00e7\u00e3o Inicial<\/b><\/span><\/p>\n<p><i><span style=\"font-weight: 400\">Meu Deus, vinde em meu aux\u00edlio.<\/span><\/i><\/p>\n<p><i><span style=\"font-weight: 400\">Senhor, apressai-vos em me socorrer.<\/span><\/i><\/p>\n<p><i><span style=\"font-weight: 400\">Senhora Aparecida, milagrosa Padroeira, sede nossa guia nesta mortal carreira! \u00d3 Virgem Aparecida, sacr\u00e1rio do Redentor, da\u00ed \u00e0 alma desfalecida vosso poder e valor. \u00d3 Virgem Aparecida, fiel e seguro norte, alcan\u00e7ai-nos gra\u00e7as na vida, favorecei-nos na morte!\u00a0<\/span><\/i><\/p>\n<p><i><span style=\"font-weight: 400\">Pai Nosso&#8230;\u00a0<\/span><\/i><\/p>\n<p><i><span style=\"font-weight: 400\">Ave-Maria&#8230;\u00a0<\/span><\/i><\/p>\n<p><i><span style=\"font-weight: 400\">Gl\u00f3ria&#8230;<\/span><\/i><\/p>\n<p><span style=\"color: #0000ff\"><b>Final:\u00a0 <\/b><\/span><span style=\"font-weight: 400\">Em nome do Pai, do Filho e do Esp\u00edrito Santo. Am\u00e9m! <\/span><\/p>\n<p><span style=\"font-weight: 400\">Que Deus nos d\u00ea a gra\u00e7a da paci\u00eancia para suportar todas as nossas afli\u00e7\u00f5es. <\/span><\/p>\n<p><span style=\"font-weight: 400\">E que Maria n\u00e3o solte da nossa m\u00e3o na hora das prova\u00e7\u00f5es. Am\u00e9m! <\/span><\/p>\n<p><span style=\"font-weight: 400\">Nossa Senhora Aparecida, rogai por n\u00f3s!\u00a0<\/span><\/p>\n","protected":false},"excerpt":{"rendered":"<p>Maria, m\u00e3e da Paci\u00eancia<\/p>\n<p>Nossa Senhora soube viver tudo com muita paci\u00eancia, que mesmo vendo Jesus ali na Cruz soube suportar tamanha dor, porque acreditou nos planos de Deus.\u00a0<\/p>\n<p>Ahh! Como sua paci\u00eancia \u00e9 admir\u00e1vel!<\/p>\n<p>Vamos pedir o dom da paci\u00eancia junto da nossa inten\u00e7\u00e3o? <a href=\"https:\/\/blog.cancaonova.com\/paisecatequistas\/maria-mae-da-paciencia\/\">Continue lendo <span class=\"meta-nav\">&rarr;<\/span><\/a><\/p>\n","protected":false},"author":4340,"featured_media":18024,"comment_status":"closed","ping_status":"closed","sticky":false,"template":"","format":"standard","meta":{"_mi_skip_tracking":false,"_monsterinsights_sitenote_active":false,"_monsterinsights_sitenote_note":"","_monsterinsights_sitenote_category":0,"footnotes":""},"categories":[200710],"tags":[52778,289705,18690],"_links":{"self":[{"href":"https:\/\/blog.cancaonova.com\/paisecatequistas\/wp-json\/wp\/v2\/posts\/18020"}],"collection":[{"href":"https:\/\/blog.cancaonova.com\/paisecatequistas\/wp-json\/wp\/v2\/posts"}],"about":[{"href":"https:\/\/blog.cancaonova.com\/paisecatequistas\/wp-json\/wp\/v2\/types\/post"}],"author":[{"embeddable":true,"href":"https:\/\/blog.cancaonova.com\/paisecatequistas\/wp-json\/wp\/v2\/users\/4340"}],"replies":[{"embeddable":true,"href":"https:\/\/blog.cancaonova.com\/paisecatequistas\/wp-json\/wp\/v2\/comments?post=18020"}],"version-history":[{"count":6,"href":"https:\/\/blog.cancaonova.com\/paisecatequistas\/wp-json\/wp\/v2\/posts\/18020\/revisions"}],"predecessor-version":[{"id":18041,"href":"https:\/\/blog.cancaonova.com\/paisecatequistas\/wp-json\/wp\/v2\/posts\/18020\/revisions\/18041"}],"wp:featuredmedia":[{"embeddable":true,"href":"https:\/\/blog.cancaonova.com\/paisecatequistas\/wp-json\/wp\/v2\/media\/18024"}],"wp:attachment":[{"href":"https:\/\/blog.cancaonova.com\/paisecatequistas\/wp-json\/wp\/v2\/media?parent=18020"}],"wp:term":[{"taxonomy":"category","embeddable":true,"href":"https:\/\/blog.cancaonova.com\/paisecatequistas\/wp-json\/wp\/v2\/categories?post=18020"},{"taxonomy":"post_tag","embeddable":true,"href":"https:\/\/blog.cancaonova.com\/paisecatequistas\/wp-json\/wp\/v2\/tags?post=18020"}],"curies":[{"name":"wp","href":"https:\/\/api.w.org\/{rel}","templated":true}]}}