{"id":18033,"date":"2024-10-07T09:19:22","date_gmt":"2024-10-07T11:19:22","guid":{"rendered":"https:\/\/blog.cancaonova.com\/paisecatequistas\/?p=18033"},"modified":"2024-10-09T10:44:46","modified_gmt":"2024-10-09T12:44:46","slug":"maria-mae-que-nos-ensina-rezar","status":"publish","type":"post","link":"https:\/\/blog.cancaonova.com\/paisecatequistas\/maria-mae-que-nos-ensina-rezar\/","title":{"rendered":"Maria, M\u00e3e que nos ensina a Rezar"},"content":{"rendered":"<p><span style=\"color: #0000ff\"><strong>Quinto Dia da Novena de Nossa Senhora Aparecida<\/strong><\/span><\/p>\n<p><span style=\"font-weight: 400\">Maria, que nos ensina a rezar, <\/span><span style=\"font-weight: 400\">Mulher de ora\u00e7\u00e3o sempre atenta ao que Deus tinha a lhe falar. No seu dia, voc\u00ea fica de cora\u00e7\u00e3o para ouvir o que Deus quer lhe falar? <\/span><\/p>\n<p><span style=\"font-weight: 400\">Vamos pedir que nossa M\u00e3e do c\u00e9u nos ensine a rezar?<\/span><\/p>\n<p><iframe loading=\"lazy\" title=\"5\u00c2\u00ba DIA I Novena de Nossa Senhora Aparecida\" width=\"600\" height=\"338\" src=\"https:\/\/www.youtube.com\/embed\/V38D9t0tPQE?feature=oembed&amp;rel=0\" frameborder=\"0\" allow=\"accelerometer; autoplay; clipboard-write; encrypted-media; gyroscope; picture-in-picture; web-share\" referrerpolicy=\"strict-origin-when-cross-origin\" allowfullscreen><\/iframe><\/p>\n<p><strong><span style=\"color: #0000ff\">Ora\u00e7\u00e3o Inicial<\/span><\/strong><\/p>\n<p><i><span style=\"font-weight: 400\">Meu Deus, vinde em meu aux\u00edlio.<\/span><\/i><\/p>\n<p><i><span style=\"font-weight: 400\">Senhor, apressai-vos em me socorrer.<\/span><\/i><\/p>\n<p><i><span style=\"font-weight: 400\">Senhora Aparecida, milagrosa Padroeira, sede nossa guia nesta mortal carreira! \u00d3 Virgem Aparecida, sacr\u00e1rio do Redentor, da\u00ed \u00e0 alma desfalecida vosso poder e valor. \u00d3 Virgem Aparecida, fiel e seguro norte, alcan\u00e7ai-nos gra\u00e7as na vida, favorecei-nos na morte!\u00a0<\/span><\/i><\/p>\n<p><i><span style=\"font-weight: 400\">Pai Nosso&#8230;<\/span><\/i><\/p>\n<p><i><span style=\"font-weight: 400\">Ave Maria&#8230;<\/span><\/i><\/p>\n<p><i><span style=\"font-weight: 400\">Gl\u00f3ria&#8230;<\/span><\/i><\/p>\n<p><span style=\"color: #0000ff\"><b>Final: <\/b><\/span><span style=\"font-weight: 400\">Nossa Senhora Aparecida, rogai por n\u00f3s! <\/span><\/p>\n<p><span style=\"font-weight: 400\">Estivemos e sempre estaremos reunidos em nome do Pai, do Filho e do Esp\u00edrito Santo, Am\u00e9m! <\/span><\/p>\n<p>&nbsp;<\/p>\n","protected":false},"excerpt":{"rendered":"<p>Quinto Dia da Novena de Nossa Senhora Aparecida<\/p>\n<p>Maria, que nos ensina a rezar\u00a0<\/p>\n<p>Mulher de ora\u00e7\u00e3o, sempre atenta ao que Deus tinha a lhe falar. No seu dia, voc\u00ea fica de cora\u00e7\u00e3o para ouvir o que Deus quer te falar?<\/p>\n<p>Vamos pedir que nossa m\u00e3e do c\u00e9u nos ensine a rezar?<br \/>\n <a href=\"https:\/\/blog.cancaonova.com\/paisecatequistas\/maria-mae-que-nos-ensina-rezar\/\">Continue lendo <span class=\"meta-nav\">&rarr;<\/span><\/a><\/p>\n","protected":false},"author":4340,"featured_media":18034,"comment_status":"closed","ping_status":"closed","sticky":false,"template":"","format":"standard","meta":{"_mi_skip_tracking":false,"_monsterinsights_sitenote_active":false,"_monsterinsights_sitenote_note":"","_monsterinsights_sitenote_category":0,"footnotes":""},"categories":[200710],"tags":[52778,289705,261,16908],"_links":{"self":[{"href":"https:\/\/blog.cancaonova.com\/paisecatequistas\/wp-json\/wp\/v2\/posts\/18033"}],"collection":[{"href":"https:\/\/blog.cancaonova.com\/paisecatequistas\/wp-json\/wp\/v2\/posts"}],"about":[{"href":"https:\/\/blog.cancaonova.com\/paisecatequistas\/wp-json\/wp\/v2\/types\/post"}],"author":[{"embeddable":true,"href":"https:\/\/blog.cancaonova.com\/paisecatequistas\/wp-json\/wp\/v2\/users\/4340"}],"replies":[{"embeddable":true,"href":"https:\/\/blog.cancaonova.com\/paisecatequistas\/wp-json\/wp\/v2\/comments?post=18033"}],"version-history":[{"count":5,"href":"https:\/\/blog.cancaonova.com\/paisecatequistas\/wp-json\/wp\/v2\/posts\/18033\/revisions"}],"predecessor-version":[{"id":18068,"href":"https:\/\/blog.cancaonova.com\/paisecatequistas\/wp-json\/wp\/v2\/posts\/18033\/revisions\/18068"}],"wp:featuredmedia":[{"embeddable":true,"href":"https:\/\/blog.cancaonova.com\/paisecatequistas\/wp-json\/wp\/v2\/media\/18034"}],"wp:attachment":[{"href":"https:\/\/blog.cancaonova.com\/paisecatequistas\/wp-json\/wp\/v2\/media?parent=18033"}],"wp:term":[{"taxonomy":"category","embeddable":true,"href":"https:\/\/blog.cancaonova.com\/paisecatequistas\/wp-json\/wp\/v2\/categories?post=18033"},{"taxonomy":"post_tag","embeddable":true,"href":"https:\/\/blog.cancaonova.com\/paisecatequistas\/wp-json\/wp\/v2\/tags?post=18033"}],"curies":[{"name":"wp","href":"https:\/\/api.w.org\/{rel}","templated":true}]}}