{"id":18056,"date":"2024-10-08T09:13:55","date_gmt":"2024-10-08T11:13:55","guid":{"rendered":"https:\/\/blog.cancaonova.com\/paisecatequistas\/?p=18056"},"modified":"2024-10-08T10:19:28","modified_gmt":"2024-10-08T12:19:28","slug":"maria-mae-da-familia","status":"publish","type":"post","link":"https:\/\/blog.cancaonova.com\/paisecatequistas\/maria-mae-da-familia\/","title":{"rendered":"Maria,  M\u00e3e da fam\u00edlia"},"content":{"rendered":"<p><span style=\"color: #0000ff\"><strong>Maria, M\u00e3e da fam\u00edlia<\/strong><\/span><\/p>\n<p><span style=\"font-weight: 400\">Maria amava muito sua fam\u00edlia. Com ela, temos o exemplo perfeito de como amar a nossa fam\u00edlia. Vamos rezar juntos? Jesus, Maria e Jos\u00e9, minha fam\u00edlia vossa \u00e9.\u00a0<\/span><\/p>\n<p><iframe loading=\"lazy\" title=\"6\u00c2\u00ba DIA I Novena de Nossa Senhora Aparecida\" width=\"600\" height=\"338\" src=\"https:\/\/www.youtube.com\/embed\/xCuKW-EaS8Y?feature=oembed&amp;rel=0\" frameborder=\"0\" allow=\"accelerometer; autoplay; clipboard-write; encrypted-media; gyroscope; picture-in-picture; web-share\" referrerpolicy=\"strict-origin-when-cross-origin\" allowfullscreen><\/iframe><\/p>\n<p><span style=\"color: #0000ff\"><b>Ora\u00e7\u00e3o Inicial<\/b><\/span><\/p>\n<p><i><span style=\"font-weight: 400\">Meu Deus, vinde em meu aux\u00edlio.<\/span><\/i><\/p>\n<p><i><span style=\"font-weight: 400\">Senhor, apressai-vos em me socorrer.<\/span><\/i><\/p>\n<p><i><span style=\"font-weight: 400\">Senhora Aparecida, milagrosa Padroeira, sede nossa guia nesta mortal carreira! \u00d3 Virgem Aparecida, sacr\u00e1rio do Redentor, da\u00ed \u00e0 alma desfalecida vosso poder e valor. \u00d3 Virgem Aparecida, fiel e seguro norte, alcan\u00e7ai-nos gra\u00e7as na vida, favorecei-nos na morte!\u00a0<\/span><\/i><\/p>\n<p><i><span style=\"font-weight: 400\">Pai Nosso&#8230;\u00a0<\/span><\/i><\/p>\n<p><i><span style=\"font-weight: 400\">Ave Maria&#8230;\u00a0<\/span><\/i><\/p>\n<p><i><span style=\"font-weight: 400\">Gl\u00f3ria&#8230;<\/span><\/i><\/p>\n<p><span style=\"color: #0000ff\"><b>Final<\/b><\/span><span style=\"font-weight: 400\"><span style=\"color: #0000ff\">:<\/span> Chegamos ao final do nosso s\u00e9timo dia, um desafio para voc\u00ea: abra\u00e7ar todas as pessoas da sua casa. <\/span><\/p>\n<p><span style=\"font-weight: 400\">O que acha? Assim, vamos am\u00e1-los muito!\u00a0<\/span><\/p>\n","protected":false},"excerpt":{"rendered":"<p>Maria, M\u00e3e da Fam\u00edlia<\/p>\n<p>Maria amava muito sua fam\u00edlia. Com ela temos o exemplo perfeito de como amar a nossa fam\u00edlia. Vamos rezar juntos? Jesus, Maria e Jos\u00e9, minha fam\u00edlia vossa \u00e9.\u00a0 <a href=\"https:\/\/blog.cancaonova.com\/paisecatequistas\/maria-mae-da-familia\/\">Continue lendo <span class=\"meta-nav\">&rarr;<\/span><\/a><\/p>\n","protected":false},"author":4340,"featured_media":18057,"comment_status":"closed","ping_status":"closed","sticky":false,"template":"","format":"standard","meta":{"_mi_skip_tracking":false,"_monsterinsights_sitenote_active":false,"_monsterinsights_sitenote_note":"","_monsterinsights_sitenote_category":0,"footnotes":""},"categories":[200710],"tags":[38,19641,6351,52778,40,17101,451,20824],"_links":{"self":[{"href":"https:\/\/blog.cancaonova.com\/paisecatequistas\/wp-json\/wp\/v2\/posts\/18056"}],"collection":[{"href":"https:\/\/blog.cancaonova.com\/paisecatequistas\/wp-json\/wp\/v2\/posts"}],"about":[{"href":"https:\/\/blog.cancaonova.com\/paisecatequistas\/wp-json\/wp\/v2\/types\/post"}],"author":[{"embeddable":true,"href":"https:\/\/blog.cancaonova.com\/paisecatequistas\/wp-json\/wp\/v2\/users\/4340"}],"replies":[{"embeddable":true,"href":"https:\/\/blog.cancaonova.com\/paisecatequistas\/wp-json\/wp\/v2\/comments?post=18056"}],"version-history":[{"count":3,"href":"https:\/\/blog.cancaonova.com\/paisecatequistas\/wp-json\/wp\/v2\/posts\/18056\/revisions"}],"predecessor-version":[{"id":18060,"href":"https:\/\/blog.cancaonova.com\/paisecatequistas\/wp-json\/wp\/v2\/posts\/18056\/revisions\/18060"}],"wp:featuredmedia":[{"embeddable":true,"href":"https:\/\/blog.cancaonova.com\/paisecatequistas\/wp-json\/wp\/v2\/media\/18057"}],"wp:attachment":[{"href":"https:\/\/blog.cancaonova.com\/paisecatequistas\/wp-json\/wp\/v2\/media?parent=18056"}],"wp:term":[{"taxonomy":"category","embeddable":true,"href":"https:\/\/blog.cancaonova.com\/paisecatequistas\/wp-json\/wp\/v2\/categories?post=18056"},{"taxonomy":"post_tag","embeddable":true,"href":"https:\/\/blog.cancaonova.com\/paisecatequistas\/wp-json\/wp\/v2\/tags?post=18056"}],"curies":[{"name":"wp","href":"https:\/\/api.w.org\/{rel}","templated":true}]}}