{"id":18066,"date":"2024-10-09T12:02:47","date_gmt":"2024-10-09T14:02:47","guid":{"rendered":"https:\/\/blog.cancaonova.com\/paisecatequistas\/?p=18066"},"modified":"2024-10-09T12:50:38","modified_gmt":"2024-10-09T14:50:38","slug":"maria-mae-da-amizade","status":"publish","type":"post","link":"https:\/\/blog.cancaonova.com\/paisecatequistas\/maria-mae-da-amizade\/","title":{"rendered":"Maria, M\u00e3e da amizade"},"content":{"rendered":"<p><span style=\"color: #0000ff\"><strong>Oitavo Dia da Novena a Nossa Senhora Aparecida: Maria, M\u00e3e da amizade<\/strong><\/span><\/p>\n<p><span style=\"font-weight: 400\">Jesus quer ser nosso amigo. Vamos pedir a Nossa Senhora que nos ensine a ser amiga de Jesus como ela foi?\u00a0<\/span><\/p>\n<p><span style=\"font-weight: 400\">Vamos rezar pelos nossos amigos e pelas inten\u00e7\u00f5es do nosso cora\u00e7\u00e3o.\u00a0<\/span><\/p>\n<p><iframe loading=\"lazy\" title=\"8\u00c2\u00ba DIA I Novena de Nossa Senhora Aparecida\" width=\"600\" height=\"338\" src=\"https:\/\/www.youtube.com\/embed\/MPotmMPPNFw?feature=oembed&amp;rel=0\" frameborder=\"0\" allow=\"accelerometer; autoplay; clipboard-write; encrypted-media; gyroscope; picture-in-picture; web-share\" referrerpolicy=\"strict-origin-when-cross-origin\" allowfullscreen><\/iframe><\/p>\n<p><span style=\"color: #0000ff\"><strong>Ora\u00e7\u00e3o Inicial<\/strong><\/span><\/p>\n<p><i><span style=\"font-weight: 400\">Meu Deus, vinde em meu aux\u00edlio.<\/span><\/i><\/p>\n<p><i><span style=\"font-weight: 400\">Senhor, apressai-vos em me socorrer.<\/span><\/i><\/p>\n<p>&nbsp;<\/p>\n<p><i><span style=\"font-weight: 400\">Senhora Aparecida, milagrosa Padroeira, sede nossa guia nesta mortal carreira! <\/span><\/i><\/p>\n<p><i><span style=\"font-weight: 400\">\u00d3 Virgem Aparecida, sacr\u00e1rio do Redentor, da\u00ed \u00e0 alma desfalecida vosso poder e valor. <\/span><\/i><\/p>\n<p><i><span style=\"font-weight: 400\">\u00d3 Virgem Aparecida, fiel e seguro norte, alcan\u00e7ai-nos gra\u00e7as na vida, favorecei-nos na morte!\u00a0<\/span><\/i><\/p>\n<p><i><span style=\"font-weight: 400\">Pai Nosso&#8230;<\/span><\/i><\/p>\n<p><i><span style=\"font-weight: 400\">Ave-Maria&#8230;\u00a0<\/span><\/i><\/p>\n<p><i><span style=\"font-weight: 400\">Gl\u00f3ria&#8230;<\/span><\/i><\/p>\n<p><span style=\"color: #0000ff\"><b>Final: <\/b><\/span><span style=\"font-weight: 400\">Em nome do Pai, do Filho e do Esp\u00edrito Santo. Am\u00e9m!\u00a0<\/span><\/p>\n<p><span style=\"font-weight: 400\"> Hoje \u00e9 o nosso pen\u00faltimo dia da novena, e assim queremos pedir para que Nossa Senhora nos guie neste caminho de ser amigo de Jesus, e que ela seja nossa Amiga tamb\u00e9m!\u00a0<\/span><\/p>\n<p>&nbsp;<\/p>\n","protected":false},"excerpt":{"rendered":"<p>Jesus quer ser nosso amigo. Vamos pedir a Nossa Senhora que nos ensine a ser amiga de Jesus como ela foi?\u00a0<\/p>\n<p>Vamos rezar pelos nossos amigos, e pelas inten\u00e7\u00f5es do nosso cora\u00e7\u00e3o.\u00a0 <a href=\"https:\/\/blog.cancaonova.com\/paisecatequistas\/maria-mae-da-amizade\/\">Continue lendo <span class=\"meta-nav\">&rarr;<\/span><\/a><\/p>\n","protected":false},"author":4340,"featured_media":18069,"comment_status":"closed","ping_status":"closed","sticky":false,"template":"","format":"standard","meta":{"_mi_skip_tracking":false,"_monsterinsights_sitenote_active":false,"_monsterinsights_sitenote_note":"","_monsterinsights_sitenote_category":0,"footnotes":""},"categories":[200710],"tags":[111,6351,16619,721,18235,17101,231],"_links":{"self":[{"href":"https:\/\/blog.cancaonova.com\/paisecatequistas\/wp-json\/wp\/v2\/posts\/18066"}],"collection":[{"href":"https:\/\/blog.cancaonova.com\/paisecatequistas\/wp-json\/wp\/v2\/posts"}],"about":[{"href":"https:\/\/blog.cancaonova.com\/paisecatequistas\/wp-json\/wp\/v2\/types\/post"}],"author":[{"embeddable":true,"href":"https:\/\/blog.cancaonova.com\/paisecatequistas\/wp-json\/wp\/v2\/users\/4340"}],"replies":[{"embeddable":true,"href":"https:\/\/blog.cancaonova.com\/paisecatequistas\/wp-json\/wp\/v2\/comments?post=18066"}],"version-history":[{"count":3,"href":"https:\/\/blog.cancaonova.com\/paisecatequistas\/wp-json\/wp\/v2\/posts\/18066\/revisions"}],"predecessor-version":[{"id":18075,"href":"https:\/\/blog.cancaonova.com\/paisecatequistas\/wp-json\/wp\/v2\/posts\/18066\/revisions\/18075"}],"wp:featuredmedia":[{"embeddable":true,"href":"https:\/\/blog.cancaonova.com\/paisecatequistas\/wp-json\/wp\/v2\/media\/18069"}],"wp:attachment":[{"href":"https:\/\/blog.cancaonova.com\/paisecatequistas\/wp-json\/wp\/v2\/media?parent=18066"}],"wp:term":[{"taxonomy":"category","embeddable":true,"href":"https:\/\/blog.cancaonova.com\/paisecatequistas\/wp-json\/wp\/v2\/categories?post=18066"},{"taxonomy":"post_tag","embeddable":true,"href":"https:\/\/blog.cancaonova.com\/paisecatequistas\/wp-json\/wp\/v2\/tags?post=18066"}],"curies":[{"name":"wp","href":"https:\/\/api.w.org\/{rel}","templated":true}]}}