{"id":18071,"date":"2024-10-09T13:31:51","date_gmt":"2024-10-09T15:31:51","guid":{"rendered":"https:\/\/blog.cancaonova.com\/paisecatequistas\/?p=18071"},"modified":"2024-10-09T14:29:35","modified_gmt":"2024-10-09T16:29:35","slug":"nossa-senhora-aparecida-nossa-mae-e-rainha","status":"publish","type":"post","link":"https:\/\/blog.cancaonova.com\/paisecatequistas\/nossa-senhora-aparecida-nossa-mae-e-rainha\/","title":{"rendered":"Nossa Senhora Aparecida, Nossa M\u00e3e e Rainha"},"content":{"rendered":"<p><span style=\"color: #0000ff\"><b>Nono Dia da Novena de Nossa Senhora Aparecida<\/b><\/span><\/p>\n<p><b>Maria, M\u00e3e que nos ajuda a estudar<\/b><\/p>\n<p><span style=\"font-weight: 400\">Nossa Senhora quer que n\u00f3s sejamos bons alunos, por isso, hoje, vamos entregar a ela o nosso estudo, os nossos professores, nossos amigos da escola, da catequese, a nossa catequista, tudo aquilo que ajuda a formar homens novos para o mundo novo.\u00a0<\/span><\/p>\n<p>Nossa Senhora Aparecida, auxilia-nos.\u00a0<b><br \/>\n<\/b><\/p>\n<p><iframe loading=\"lazy\" title=\"9\u00c2\u00ba DIA I Novena de Nossa Senhora Aparecida\" width=\"600\" height=\"338\" src=\"https:\/\/www.youtube.com\/embed\/EQs4V0i9v70?feature=oembed&amp;rel=0\" frameborder=\"0\" allow=\"accelerometer; autoplay; clipboard-write; encrypted-media; gyroscope; picture-in-picture; web-share\" referrerpolicy=\"strict-origin-when-cross-origin\" allowfullscreen><\/iframe><\/p>\n<p><b style=\"color: #0000ff\">Ora\u00e7\u00e3o Inicial<\/b><\/p>\n<p><i>Meu Deus, vinde em meu aux\u00edlio.<\/i><\/p>\n<p><i>Senhor, apressai-vos em me socorrer.<\/i><\/p>\n<p><i>Senhora Aparecida, milagrosa Padroeira, sede nossa guia nesta mortal carreira! <\/i><\/p>\n<p><i>\u00d3 Virgem Aparecida, sacr\u00e1rio do Redentor, da\u00ed \u00e0 alma desfalecida vosso poder e valor. <\/i><\/p>\n<p><i>\u00d3 Virgem Aparecida, fiel e seguro norte, alcan\u00e7ai-nos gra\u00e7as na vida, favorecei-nos na morte!\u00a0<\/i><\/p>\n<p><i>Pai Nosso&#8230;\u00a0<\/i><\/p>\n<p><i>Ave-Maria&#8230;\u00a0<\/i><\/p>\n<p><i>Gl\u00f3ria&#8230;<\/i><\/p>\n<p><span style=\"color: #0000ff\"><b>Final:<\/b><\/span><span style=\"font-weight: 400\"> Em nome do Pai, do Filho e do Esp\u00edrito Santo. Am\u00e9m! E assim chegamos ao fim da nossa novena. <\/span><\/p>\n<p><span style=\"font-weight: 400\">Obrigado por ter rezado com a gente!\u00a0<\/span><\/p>\n","protected":false},"excerpt":{"rendered":"<p>Maria, M\u00e3e que nos Ajuda a Estudar<\/p>\n<p>Nossa Senhora quer que n\u00f3s sejamos bons alunos, por isso, hoje, vamos entregar a ela, o nosso estudo, os nossos professores, nossos amigos da escola, da catequese, a nossa catequista, tudo aquilo que ajuda a formar homens novos para o mundo novo.\u00a0<\/p>\n<p>Nossa Senhora Aparecida, auxilia-nos.\u00a0 <a href=\"https:\/\/blog.cancaonova.com\/paisecatequistas\/nossa-senhora-aparecida-nossa-mae-e-rainha\/\">Continue lendo <span class=\"meta-nav\">&rarr;<\/span><\/a><\/p>\n","protected":false},"author":4340,"featured_media":18072,"comment_status":"closed","ping_status":"closed","sticky":false,"template":"","format":"standard","meta":{"_mi_skip_tracking":false,"_monsterinsights_sitenote_active":false,"_monsterinsights_sitenote_note":"","_monsterinsights_sitenote_category":0,"footnotes":""},"categories":[200710],"tags":[],"_links":{"self":[{"href":"https:\/\/blog.cancaonova.com\/paisecatequistas\/wp-json\/wp\/v2\/posts\/18071"}],"collection":[{"href":"https:\/\/blog.cancaonova.com\/paisecatequistas\/wp-json\/wp\/v2\/posts"}],"about":[{"href":"https:\/\/blog.cancaonova.com\/paisecatequistas\/wp-json\/wp\/v2\/types\/post"}],"author":[{"embeddable":true,"href":"https:\/\/blog.cancaonova.com\/paisecatequistas\/wp-json\/wp\/v2\/users\/4340"}],"replies":[{"embeddable":true,"href":"https:\/\/blog.cancaonova.com\/paisecatequistas\/wp-json\/wp\/v2\/comments?post=18071"}],"version-history":[{"count":4,"href":"https:\/\/blog.cancaonova.com\/paisecatequistas\/wp-json\/wp\/v2\/posts\/18071\/revisions"}],"predecessor-version":[{"id":18078,"href":"https:\/\/blog.cancaonova.com\/paisecatequistas\/wp-json\/wp\/v2\/posts\/18071\/revisions\/18078"}],"wp:featuredmedia":[{"embeddable":true,"href":"https:\/\/blog.cancaonova.com\/paisecatequistas\/wp-json\/wp\/v2\/media\/18072"}],"wp:attachment":[{"href":"https:\/\/blog.cancaonova.com\/paisecatequistas\/wp-json\/wp\/v2\/media?parent=18071"}],"wp:term":[{"taxonomy":"category","embeddable":true,"href":"https:\/\/blog.cancaonova.com\/paisecatequistas\/wp-json\/wp\/v2\/categories?post=18071"},{"taxonomy":"post_tag","embeddable":true,"href":"https:\/\/blog.cancaonova.com\/paisecatequistas\/wp-json\/wp\/v2\/tags?post=18071"}],"curies":[{"name":"wp","href":"https:\/\/api.w.org\/{rel}","templated":true}]}}