{"id":18084,"date":"2024-10-10T11:02:02","date_gmt":"2024-10-10T13:02:02","guid":{"rendered":"https:\/\/blog.cancaonova.com\/paisecatequistas\/?p=18084"},"modified":"2024-10-14T17:16:26","modified_gmt":"2024-10-14T19:16:26","slug":"nos-amamos-ser-crianca","status":"publish","type":"post","link":"https:\/\/blog.cancaonova.com\/paisecatequistas\/nos-amamos-ser-crianca\/","title":{"rendered":"N\u00f3s amamos ser crian\u00e7a!"},"content":{"rendered":"<p>Vamos cantar a alegria de ser crian\u00e7a!<\/p>\n<p><iframe loading=\"lazy\" title=\"N\u00c3\u00b3s amamos ser crian\u00c3\u00a7as  I Sarah Sabar\u00c3\u00a1\" width=\"600\" height=\"338\" src=\"https:\/\/www.youtube.com\/embed\/uUV3TbrFZNY?feature=oembed&amp;rel=0\" frameborder=\"0\" allow=\"accelerometer; autoplay; clipboard-write; encrypted-media; gyroscope; picture-in-picture; web-share\" referrerpolicy=\"strict-origin-when-cross-origin\" allowfullscreen><\/iframe><\/p>\n<p><span style=\"color: #0000ff\"><strong><em>N\u00f3s amamos ser crian\u00e7a!<\/em><\/strong><\/span><\/p>\n<p><em>Hoje, \u00e9 o nosso dia.<\/em><\/p>\n<p><em>Dia de comemorar,<\/em><\/p>\n<p><em>Dia de se alegrar,<\/em><\/p>\n<p><em>Porque hoje \u00e9 o nosso dia.<\/em><\/p>\n<p><em>Desde o amanhecer,<\/em><\/p>\n<p><em>\u00c9 dia de agradecer.<\/em><\/p>\n<p><em>N\u00f3s amamos ser crian\u00e7as! (2x)<\/em><\/p>\n<p><em>Ir \u00e0 missa e rezar,<\/em><\/p>\n<p><em>Agradecer por quem eu sou<\/em><\/p>\n<p><em>E dizer para meus amigos que ser de Jesus \u00e9 muito bom!<\/em><\/p>\n<p><em>e ser crian\u00e7a \u00e9 muito bom!<\/em><\/p>\n<p><em>ser de Jesus \u00e9 muito \u00e9 bom!<\/em><\/p>\n<p><em>e ser crian\u00e7a \u00e9 muito bom!<\/em><\/p>\n<p><em>N\u00f3s amamos ser crian\u00e7as! (2x)<\/em><\/p>\n<p>&nbsp;<\/p>\n","protected":false},"excerpt":{"rendered":"<p>clipe  letra e musica <a href=\"https:\/\/blog.cancaonova.com\/paisecatequistas\/nos-amamos-ser-crianca\/\">Continue lendo <span class=\"meta-nav\">&rarr;<\/span><\/a><\/p>\n","protected":false},"author":4340,"featured_media":18088,"comment_status":"closed","ping_status":"closed","sticky":false,"template":"","format":"standard","meta":{"_mi_skip_tracking":false,"_monsterinsights_sitenote_active":false,"_monsterinsights_sitenote_note":"","_monsterinsights_sitenote_category":0,"footnotes":""},"categories":[200710],"tags":[6351,16619,25768,8001,221,18235],"_links":{"self":[{"href":"https:\/\/blog.cancaonova.com\/paisecatequistas\/wp-json\/wp\/v2\/posts\/18084"}],"collection":[{"href":"https:\/\/blog.cancaonova.com\/paisecatequistas\/wp-json\/wp\/v2\/posts"}],"about":[{"href":"https:\/\/blog.cancaonova.com\/paisecatequistas\/wp-json\/wp\/v2\/types\/post"}],"author":[{"embeddable":true,"href":"https:\/\/blog.cancaonova.com\/paisecatequistas\/wp-json\/wp\/v2\/users\/4340"}],"replies":[{"embeddable":true,"href":"https:\/\/blog.cancaonova.com\/paisecatequistas\/wp-json\/wp\/v2\/comments?post=18084"}],"version-history":[{"count":6,"href":"https:\/\/blog.cancaonova.com\/paisecatequistas\/wp-json\/wp\/v2\/posts\/18084\/revisions"}],"predecessor-version":[{"id":18115,"href":"https:\/\/blog.cancaonova.com\/paisecatequistas\/wp-json\/wp\/v2\/posts\/18084\/revisions\/18115"}],"wp:featuredmedia":[{"embeddable":true,"href":"https:\/\/blog.cancaonova.com\/paisecatequistas\/wp-json\/wp\/v2\/media\/18088"}],"wp:attachment":[{"href":"https:\/\/blog.cancaonova.com\/paisecatequistas\/wp-json\/wp\/v2\/media?parent=18084"}],"wp:term":[{"taxonomy":"category","embeddable":true,"href":"https:\/\/blog.cancaonova.com\/paisecatequistas\/wp-json\/wp\/v2\/categories?post=18084"},{"taxonomy":"post_tag","embeddable":true,"href":"https:\/\/blog.cancaonova.com\/paisecatequistas\/wp-json\/wp\/v2\/tags?post=18084"}],"curies":[{"name":"wp","href":"https:\/\/api.w.org\/{rel}","templated":true}]}}