{"id":18095,"date":"2024-10-10T15:22:49","date_gmt":"2024-10-10T17:22:49","guid":{"rendered":"https:\/\/blog.cancaonova.com\/paisecatequistas\/?p=18095"},"modified":"2024-10-10T15:47:33","modified_gmt":"2024-10-10T17:47:33","slug":"especial-dia-das-criancas-2","status":"publish","type":"post","link":"https:\/\/blog.cancaonova.com\/paisecatequistas\/especial-dia-das-criancas-2\/","title":{"rendered":"Especial Dia das Crian\u00e7as"},"content":{"rendered":"<p>O Cantinho da Crian\u00e7a preparou um programa especial para festejar o m\u00eas de Nossa Senhora e tamb\u00e9m o m\u00eas das crian\u00e7as.<\/p>\n<p>Afinal, Nossa Senhora ama as crian\u00e7as e a elas confia grandes segredos e tesouros.<\/p>\n<p>Juca, Esther, Mateus, Amanda e Isadora n\u00e3o ficaram de fora desse dia de festa!<\/p>\n<p><iframe loading=\"lazy\" title=\"Especial Dia das Crian\u00c3\u00a7as\" width=\"600\" height=\"338\" src=\"https:\/\/www.youtube.com\/embed\/mKqtxa_9shM?feature=oembed&amp;rel=0\" frameborder=\"0\" allow=\"accelerometer; autoplay; clipboard-write; encrypted-media; gyroscope; picture-in-picture; web-share\" referrerpolicy=\"strict-origin-when-cross-origin\" allowfullscreen><\/iframe><\/p>\n","protected":false},"excerpt":{"rendered":"<p>O Cantinho da Crian\u00e7a preparou um programa especial para festejar o m\u00eas de Nossa Senhora e tamb\u00e9m o m\u00eas das crian\u00e7as.\u00a0 <a href=\"https:\/\/blog.cancaonova.com\/paisecatequistas\/especial-dia-das-criancas-2\/\">Continue lendo <span class=\"meta-nav\">&rarr;<\/span><\/a><\/p>\n","protected":false},"author":4340,"featured_media":18097,"comment_status":"closed","ping_status":"closed","sticky":false,"template":"","format":"standard","meta":{"_mi_skip_tracking":false,"_monsterinsights_sitenote_active":false,"_monsterinsights_sitenote_note":"","_monsterinsights_sitenote_category":0,"footnotes":""},"categories":[1],"tags":[16619,80606],"_links":{"self":[{"href":"https:\/\/blog.cancaonova.com\/paisecatequistas\/wp-json\/wp\/v2\/posts\/18095"}],"collection":[{"href":"https:\/\/blog.cancaonova.com\/paisecatequistas\/wp-json\/wp\/v2\/posts"}],"about":[{"href":"https:\/\/blog.cancaonova.com\/paisecatequistas\/wp-json\/wp\/v2\/types\/post"}],"author":[{"embeddable":true,"href":"https:\/\/blog.cancaonova.com\/paisecatequistas\/wp-json\/wp\/v2\/users\/4340"}],"replies":[{"embeddable":true,"href":"https:\/\/blog.cancaonova.com\/paisecatequistas\/wp-json\/wp\/v2\/comments?post=18095"}],"version-history":[{"count":1,"href":"https:\/\/blog.cancaonova.com\/paisecatequistas\/wp-json\/wp\/v2\/posts\/18095\/revisions"}],"predecessor-version":[{"id":18098,"href":"https:\/\/blog.cancaonova.com\/paisecatequistas\/wp-json\/wp\/v2\/posts\/18095\/revisions\/18098"}],"wp:featuredmedia":[{"embeddable":true,"href":"https:\/\/blog.cancaonova.com\/paisecatequistas\/wp-json\/wp\/v2\/media\/18097"}],"wp:attachment":[{"href":"https:\/\/blog.cancaonova.com\/paisecatequistas\/wp-json\/wp\/v2\/media?parent=18095"}],"wp:term":[{"taxonomy":"category","embeddable":true,"href":"https:\/\/blog.cancaonova.com\/paisecatequistas\/wp-json\/wp\/v2\/categories?post=18095"},{"taxonomy":"post_tag","embeddable":true,"href":"https:\/\/blog.cancaonova.com\/paisecatequistas\/wp-json\/wp\/v2\/tags?post=18095"}],"curies":[{"name":"wp","href":"https:\/\/api.w.org\/{rel}","templated":true}]}}