{"id":18173,"date":"2024-10-29T12:45:19","date_gmt":"2024-10-29T14:45:19","guid":{"rendered":"https:\/\/blog.cancaonova.com\/paisecatequistas\/?p=18173"},"modified":"2024-10-29T13:25:46","modified_gmt":"2024-10-29T15:25:46","slug":"estamos-em-festa-2","status":"publish","type":"post","link":"https:\/\/blog.cancaonova.com\/paisecatequistas\/estamos-em-festa-2\/","title":{"rendered":"Estamos em festa!"},"content":{"rendered":"<p>O Cantinho da Crian\u00e7a est\u00e1 especial, pois, no dia 29 de outubro de 2024, comemora-se os 50 anos da Associa\u00e7\u00e3o Can\u00e7\u00e3o Nova.<\/p>\n<p>Mas o que \u00e9 a Associa\u00e7\u00e3o Can\u00e7\u00e3o Nova? Tudo isso Sarah, Juca e os Sentinelas v\u00e3o explicar direitinho, pois, muito antes de existir o Sistema Can\u00e7\u00e3o Nova de Comunica\u00e7\u00e3o, j\u00e1 existia a Associa\u00e7\u00e3o Can\u00e7\u00e3o Nova. Essa \u00e9 uma hist\u00f3ria muito linda de amor, f\u00e9 e evangeliza\u00e7\u00e3o!<\/p>\n<p>E temos participa\u00e7\u00e3o especial do Professor Felipe Aquino, amigo pessoal do Padre Jonas e da Comunidade Can\u00e7\u00e3o Nova<\/p>\n<p>Vamos conferir?<\/p>\n<p><iframe loading=\"lazy\" title=\"Cantinho da Crian\u00c3\u00a7a - 50 Anos da Associa\u00c3\u00a7\u00c3\u00a3o\" width=\"600\" height=\"338\" src=\"https:\/\/www.youtube.com\/embed\/pUwiwsgRzpI?feature=oembed&amp;rel=0\" frameborder=\"0\" allow=\"accelerometer; autoplay; clipboard-write; encrypted-media; gyroscope; picture-in-picture; web-share\" referrerpolicy=\"strict-origin-when-cross-origin\" allowfullscreen><\/iframe><\/p>\n","protected":false},"excerpt":{"rendered":"<p>O Cantinho da Crian\u00e7a esta especial, pois no dia 29 de outubro de 2024 comemora-se os 50 anos da Associa\u00e7\u00e3o Can\u00e7\u00e3o Nova.<\/p>\n<p>Mas o que \u00e9 a Associa\u00e7\u00e3o Can\u00e7\u00e3o Nova?\u00a0 Tudo isso Sarah e Juca\u00a0 e os Sentinelas v\u00e3o explicar direitinho, pois muito antes de existir o Sistema Can\u00e7\u00e3o Nova de Comunica\u00e7\u00e3o j\u00e1 existia a Associa\u00e7\u00e3o Can\u00e7\u00e3o Nova. Essa \u00e9 uma hist\u00f3ria muito linda de amor, f\u00e9 e evangeliza\u00e7\u00e3o! <a href=\"https:\/\/blog.cancaonova.com\/paisecatequistas\/estamos-em-festa-2\/\">Continue lendo <span class=\"meta-nav\">&rarr;<\/span><\/a><\/p>\n","protected":false},"author":4340,"featured_media":18174,"comment_status":"closed","ping_status":"closed","sticky":false,"template":"","format":"standard","meta":{"_mi_skip_tracking":false,"_monsterinsights_sitenote_active":false,"_monsterinsights_sitenote_note":"","_monsterinsights_sitenote_category":0,"footnotes":""},"categories":[200710],"tags":[289713,7671,20666,8181,289714,219044,80606],"_links":{"self":[{"href":"https:\/\/blog.cancaonova.com\/paisecatequistas\/wp-json\/wp\/v2\/posts\/18173"}],"collection":[{"href":"https:\/\/blog.cancaonova.com\/paisecatequistas\/wp-json\/wp\/v2\/posts"}],"about":[{"href":"https:\/\/blog.cancaonova.com\/paisecatequistas\/wp-json\/wp\/v2\/types\/post"}],"author":[{"embeddable":true,"href":"https:\/\/blog.cancaonova.com\/paisecatequistas\/wp-json\/wp\/v2\/users\/4340"}],"replies":[{"embeddable":true,"href":"https:\/\/blog.cancaonova.com\/paisecatequistas\/wp-json\/wp\/v2\/comments?post=18173"}],"version-history":[{"count":3,"href":"https:\/\/blog.cancaonova.com\/paisecatequistas\/wp-json\/wp\/v2\/posts\/18173\/revisions"}],"predecessor-version":[{"id":18177,"href":"https:\/\/blog.cancaonova.com\/paisecatequistas\/wp-json\/wp\/v2\/posts\/18173\/revisions\/18177"}],"wp:featuredmedia":[{"embeddable":true,"href":"https:\/\/blog.cancaonova.com\/paisecatequistas\/wp-json\/wp\/v2\/media\/18174"}],"wp:attachment":[{"href":"https:\/\/blog.cancaonova.com\/paisecatequistas\/wp-json\/wp\/v2\/media?parent=18173"}],"wp:term":[{"taxonomy":"category","embeddable":true,"href":"https:\/\/blog.cancaonova.com\/paisecatequistas\/wp-json\/wp\/v2\/categories?post=18173"},{"taxonomy":"post_tag","embeddable":true,"href":"https:\/\/blog.cancaonova.com\/paisecatequistas\/wp-json\/wp\/v2\/tags?post=18173"}],"curies":[{"name":"wp","href":"https:\/\/api.w.org\/{rel}","templated":true}]}}