{"id":18184,"date":"2024-11-01T10:16:45","date_gmt":"2024-11-01T12:16:45","guid":{"rendered":"https:\/\/blog.cancaonova.com\/paisecatequistas\/?p=18184"},"modified":"2026-04-02T14:49:35","modified_gmt":"2026-04-02T16:49:35","slug":"padre-jonas-ensina-ou-santos-ou-nada","status":"publish","type":"post","link":"https:\/\/blog.cancaonova.com\/paisecatequistas\/padre-jonas-ensina-ou-santos-ou-nada\/","title":{"rendered":"Padre Jonas ensina: ou santos ou nada!"},"content":{"rendered":"<p>Deus nos convida a ser santos, porque Ele \u00e9 santo e nos criou \u00e0 Sua imagem e semelhan\u00e7a. Essa \u00e9 um realidade poss\u00edvel, pois o C\u00e9u \u00e9 o nosso lugar.<\/p>\n<p>Temos a gra\u00e7a de ser santificados pelo Esp\u00edrito Santo, que age em n\u00f3s e nos convida a sermos santos, pois essa \u00e9 a \u00fanica op\u00e7\u00e3o que nos levar\u00e1 ao conv\u00edvio eterno com Deus Pai, Filho e Esp\u00edrito Santo na comunh\u00e3o de todos os santos.<\/p>\n<p><iframe loading=\"lazy\" title=\"Pe. Jonas Ensina | Ou Santos Ou Nada\" width=\"600\" height=\"338\" src=\"https:\/\/www.youtube.com\/embed\/MEdWMhSUh9o?feature=oembed&amp;rel=0\" frameborder=\"0\" allow=\"accelerometer; autoplay; clipboard-write; encrypted-media; gyroscope; picture-in-picture; web-share\" referrerpolicy=\"strict-origin-when-cross-origin\" allowfullscreen><\/iframe><\/p>\n","protected":false},"excerpt":{"rendered":"<p>Deus nos convida a sermos santos, porque Ele \u00e9 santo e nos criou a sua imagem e semelhan\u00e7a e isso \u00e9 um realidade poss\u00edvel, pois o C\u00e9u \u00e9 o nosso lugar .\u00a0 <a href=\"https:\/\/blog.cancaonova.com\/paisecatequistas\/padre-jonas-ensina-ou-santos-ou-nada\/\">Continue lendo <span class=\"meta-nav\">&rarr;<\/span><\/a><\/p>\n","protected":false},"author":4340,"featured_media":18185,"comment_status":"closed","ping_status":"closed","sticky":false,"template":"","format":"standard","meta":{"_mi_skip_tracking":false,"_monsterinsights_sitenote_active":false,"_monsterinsights_sitenote_note":"","_monsterinsights_sitenote_category":0,"footnotes":""},"categories":[1],"tags":[],"_links":{"self":[{"href":"https:\/\/blog.cancaonova.com\/paisecatequistas\/wp-json\/wp\/v2\/posts\/18184"}],"collection":[{"href":"https:\/\/blog.cancaonova.com\/paisecatequistas\/wp-json\/wp\/v2\/posts"}],"about":[{"href":"https:\/\/blog.cancaonova.com\/paisecatequistas\/wp-json\/wp\/v2\/types\/post"}],"author":[{"embeddable":true,"href":"https:\/\/blog.cancaonova.com\/paisecatequistas\/wp-json\/wp\/v2\/users\/4340"}],"replies":[{"embeddable":true,"href":"https:\/\/blog.cancaonova.com\/paisecatequistas\/wp-json\/wp\/v2\/comments?post=18184"}],"version-history":[{"count":8,"href":"https:\/\/blog.cancaonova.com\/paisecatequistas\/wp-json\/wp\/v2\/posts\/18184\/revisions"}],"predecessor-version":[{"id":20310,"href":"https:\/\/blog.cancaonova.com\/paisecatequistas\/wp-json\/wp\/v2\/posts\/18184\/revisions\/20310"}],"wp:featuredmedia":[{"embeddable":true,"href":"https:\/\/blog.cancaonova.com\/paisecatequistas\/wp-json\/wp\/v2\/media\/18185"}],"wp:attachment":[{"href":"https:\/\/blog.cancaonova.com\/paisecatequistas\/wp-json\/wp\/v2\/media?parent=18184"}],"wp:term":[{"taxonomy":"category","embeddable":true,"href":"https:\/\/blog.cancaonova.com\/paisecatequistas\/wp-json\/wp\/v2\/categories?post=18184"},{"taxonomy":"post_tag","embeddable":true,"href":"https:\/\/blog.cancaonova.com\/paisecatequistas\/wp-json\/wp\/v2\/tags?post=18184"}],"curies":[{"name":"wp","href":"https:\/\/api.w.org\/{rel}","templated":true}]}}