{"id":18189,"date":"2024-11-01T11:20:42","date_gmt":"2024-11-01T13:20:42","guid":{"rendered":"https:\/\/blog.cancaonova.com\/paisecatequistas\/?p=18189"},"modified":"2025-11-03T10:19:14","modified_gmt":"2025-11-03T12:19:14","slug":"diarinho-da-palavra-de-deus-o-1o-milagre-de-jesus","status":"publish","type":"post","link":"https:\/\/blog.cancaonova.com\/paisecatequistas\/diarinho-da-palavra-de-deus-o-1o-milagre-de-jesus\/","title":{"rendered":"Qual o foi primeiro milagre de Jesus?"},"content":{"rendered":"<p>Mateus est\u00e1 pronto para fazer o seu pequeno di\u00e1rio da Palavra de Deus, e a sua curiosidade \u00e9 saber qual foi o primeiro milagre que Jesus realizou.<\/p>\n<p>Vamos juntos com ele descobrir?<\/p>\n<p><iframe loading=\"lazy\" title=\"Diarinho: 1\u00c2\u00ba Milagre de Jesus\" width=\"600\" height=\"338\" src=\"https:\/\/www.youtube.com\/embed\/TyEHkXV4es8?feature=oembed&amp;rel=0\" frameborder=\"0\" allow=\"accelerometer; autoplay; clipboard-write; encrypted-media; gyroscope; picture-in-picture; web-share\" referrerpolicy=\"strict-origin-when-cross-origin\" allowfullscreen><\/iframe><\/p>\n","protected":false},"excerpt":{"rendered":"<p>Mateus esta pronto para fazer o seu diarinho da Palavra de Deus, e a sua curiosidade \u00e9 saber qual foi o Primeiro Milagre que Jesus realizou? <a href=\"https:\/\/blog.cancaonova.com\/paisecatequistas\/diarinho-da-palavra-de-deus-o-1o-milagre-de-jesus\/\">Continue lendo <span class=\"meta-nav\">&rarr;<\/span><\/a><\/p>\n","protected":false},"author":4340,"featured_media":18190,"comment_status":"closed","ping_status":"closed","sticky":false,"template":"","format":"standard","meta":{"_mi_skip_tracking":false,"_monsterinsights_sitenote_active":false,"_monsterinsights_sitenote_note":"","_monsterinsights_sitenote_category":0,"footnotes":""},"categories":[200710],"tags":[],"_links":{"self":[{"href":"https:\/\/blog.cancaonova.com\/paisecatequistas\/wp-json\/wp\/v2\/posts\/18189"}],"collection":[{"href":"https:\/\/blog.cancaonova.com\/paisecatequistas\/wp-json\/wp\/v2\/posts"}],"about":[{"href":"https:\/\/blog.cancaonova.com\/paisecatequistas\/wp-json\/wp\/v2\/types\/post"}],"author":[{"embeddable":true,"href":"https:\/\/blog.cancaonova.com\/paisecatequistas\/wp-json\/wp\/v2\/users\/4340"}],"replies":[{"embeddable":true,"href":"https:\/\/blog.cancaonova.com\/paisecatequistas\/wp-json\/wp\/v2\/comments?post=18189"}],"version-history":[{"count":8,"href":"https:\/\/blog.cancaonova.com\/paisecatequistas\/wp-json\/wp\/v2\/posts\/18189\/revisions"}],"predecessor-version":[{"id":19772,"href":"https:\/\/blog.cancaonova.com\/paisecatequistas\/wp-json\/wp\/v2\/posts\/18189\/revisions\/19772"}],"wp:featuredmedia":[{"embeddable":true,"href":"https:\/\/blog.cancaonova.com\/paisecatequistas\/wp-json\/wp\/v2\/media\/18190"}],"wp:attachment":[{"href":"https:\/\/blog.cancaonova.com\/paisecatequistas\/wp-json\/wp\/v2\/media?parent=18189"}],"wp:term":[{"taxonomy":"category","embeddable":true,"href":"https:\/\/blog.cancaonova.com\/paisecatequistas\/wp-json\/wp\/v2\/categories?post=18189"},{"taxonomy":"post_tag","embeddable":true,"href":"https:\/\/blog.cancaonova.com\/paisecatequistas\/wp-json\/wp\/v2\/tags?post=18189"}],"curies":[{"name":"wp","href":"https:\/\/api.w.org\/{rel}","templated":true}]}}