{"id":18249,"date":"2024-11-25T13:33:23","date_gmt":"2024-11-25T15:33:23","guid":{"rendered":"https:\/\/blog.cancaonova.com\/paisecatequistas\/?p=18249"},"modified":"2024-11-25T14:51:33","modified_gmt":"2024-11-25T16:51:33","slug":"18249","status":"publish","type":"post","link":"https:\/\/blog.cancaonova.com\/paisecatequistas\/18249\/","title":{"rendered":"Meu Caderno e Calend\u00e1rio do Advento para download"},"content":{"rendered":"<p>O Natal est\u00e1 chegando e n\u00f3s queremos ajudar voc\u00ea e sua fam\u00edlia a viver esse tempo de uma maneira ainda mais especial!<br \/>\nPensando nisso, preparamos algo incr\u00edvel: o<strong> Caderno do Advento Can\u00e7\u00e3o Nova Kids<\/strong>, dispon\u00edvel gratuitamente para download.<br \/>\nEste caderno foi criado para guiar a crian\u00e7a e a fam\u00edlia, dia a dia, em uma jornada de prepara\u00e7\u00e3o para o Natal. Com atividades divertidas e educativas, ele evangeliza e ajuda a:<\/p>\n<ul>\n<li>Viver o Advento com mais significado<\/li>\n<li>Fortalecer os la\u00e7os familiares com momentos de uni\u00e3o<\/li>\n<li>Preparar o cora\u00e7\u00e3o para a chegada de Jesus com ora\u00e7\u00e3o, reflex\u00e3o e pequenas a\u00e7\u00f5es<\/li>\n<\/ul>\n<p><strong>E tem mais, no <\/strong><strong>Caderno do Advento, voc\u00ea encontra:<\/strong><\/p>\n<p>\u2728 Atividades di\u00e1rias para fazer em casa<br \/>\n\ud83c\udfa8 Desenhos para colorir<br \/>\n\ud83d\udcdd Reflex\u00f5es para ajudar na prepara\u00e7\u00e3o<br \/>\n\ud83d\udcd6 Curiosidades e ora\u00e7\u00f5es sobre o Natal<\/p>\n<p>Aproveite este presente da Can\u00e7\u00e3o Nova Kids e compartilhe com sua fam\u00edlia! Para baixar o <strong>Meu Caderno do Advento<\/strong>, \u00e9 f\u00e1cil, basta clicar no link abaixo:<\/p>\n<p><a href=\"https:\/\/img.cancaonova.com\/cnimages\/especiais\/uploads\/sites\/10\/2024\/11\/Meu-Caderno-do-Advento_reduzido2.pdf\"><img loading=\"lazy\" decoding=\"async\" class=\"wp-image-18251 alignnone\" src=\"http:\/\/blog.cancaonova.com\/paisecatequistas\/files\/2024\/11\/BANNER-SITE-CADERNO-ADVENTO.jpg\" alt=\"\" width=\"1155\" height=\"866\" srcset=\"https:\/\/blog.cancaonova.com\/paisecatequistas\/files\/2024\/11\/BANNER-SITE-CADERNO-ADVENTO.jpg 1600w, https:\/\/blog.cancaonova.com\/paisecatequistas\/files\/2024\/11\/BANNER-SITE-CADERNO-ADVENTO-300x225.jpg 300w, https:\/\/blog.cancaonova.com\/paisecatequistas\/files\/2024\/11\/BANNER-SITE-CADERNO-ADVENTO-768x576.jpg 768w, https:\/\/blog.cancaonova.com\/paisecatequistas\/files\/2024\/11\/BANNER-SITE-CADERNO-ADVENTO-1536x1152.jpg 1536w\" sizes=\"(max-width: 1155px) 100vw, 1155px\" \/><\/a><\/p>\n<p>E para baixar o <strong>Calend\u00e1rio do Advento<\/strong>, basta clicar no link abaixo:<\/p>\n<p><a href=\"https:\/\/img.cancaonova.com\/cnimages\/especiais\/uploads\/sites\/10\/2024\/11\/Calendario-do-Advento-2024-A4.pdf\"><img loading=\"lazy\" decoding=\"async\" class=\"wp-image-18252 alignnone\" src=\"http:\/\/blog.cancaonova.com\/paisecatequistas\/files\/2024\/11\/BANNER-SITE-calendario-do-advento.jpg\" alt=\"\" width=\"1161\" height=\"871\" srcset=\"https:\/\/blog.cancaonova.com\/paisecatequistas\/files\/2024\/11\/BANNER-SITE-calendario-do-advento.jpg 1600w, https:\/\/blog.cancaonova.com\/paisecatequistas\/files\/2024\/11\/BANNER-SITE-calendario-do-advento-300x225.jpg 300w, https:\/\/blog.cancaonova.com\/paisecatequistas\/files\/2024\/11\/BANNER-SITE-calendario-do-advento-768x576.jpg 768w, https:\/\/blog.cancaonova.com\/paisecatequistas\/files\/2024\/11\/BANNER-SITE-calendario-do-advento-1536x1152.jpg 1536w\" sizes=\"(max-width: 1161px) 100vw, 1161px\" \/><\/a><br \/>\nEste \u00e9 um convite para viver o Advento de forma mais profunda, com muita f\u00e9, esperan\u00e7a e alegria. Que este tempo de prepara\u00e7\u00e3o prepare o cora\u00e7\u00e3o de todos para o nascimento de Jesus!<\/p>\n<p>Com carinho,<br \/>\nEquipe Can\u00e7\u00e3o Nova Kids<\/p>\n","protected":false},"excerpt":{"rendered":"<p>O Natal est\u00e1 chegando e n\u00f3s queremos ajudar voc\u00ea e sua fam\u00edlia a viverem esse tempo de uma maneira ainda mais especial!<br \/>\nPensando nisso, preparamos algo incr\u00edvel: o Caderno do Advento Can\u00e7\u00e3o Nova Kids, dispon\u00edvel gratuitamente para download.<br \/>\nEste caderno foi criado para guiar a crian\u00e7a e a fam\u00edlia, dia a dia, em uma jornada de prepara\u00e7\u00e3o para o Natal. Com atividades divertidas e educativas, ele evangeliza e ajuda a: <a href=\"https:\/\/blog.cancaonova.com\/paisecatequistas\/18249\/\">Continue lendo <span class=\"meta-nav\">&rarr;<\/span><\/a><\/p>\n","protected":false},"author":4340,"featured_media":18257,"comment_status":"closed","ping_status":"closed","sticky":false,"template":"","format":"standard","meta":{"_mi_skip_tracking":false,"_monsterinsights_sitenote_active":false,"_monsterinsights_sitenote_note":"","_monsterinsights_sitenote_category":0,"footnotes":""},"categories":[200710],"tags":[9931,289719,10561,5011,8001,40,2551,18235],"_links":{"self":[{"href":"https:\/\/blog.cancaonova.com\/paisecatequistas\/wp-json\/wp\/v2\/posts\/18249"}],"collection":[{"href":"https:\/\/blog.cancaonova.com\/paisecatequistas\/wp-json\/wp\/v2\/posts"}],"about":[{"href":"https:\/\/blog.cancaonova.com\/paisecatequistas\/wp-json\/wp\/v2\/types\/post"}],"author":[{"embeddable":true,"href":"https:\/\/blog.cancaonova.com\/paisecatequistas\/wp-json\/wp\/v2\/users\/4340"}],"replies":[{"embeddable":true,"href":"https:\/\/blog.cancaonova.com\/paisecatequistas\/wp-json\/wp\/v2\/comments?post=18249"}],"version-history":[{"count":7,"href":"https:\/\/blog.cancaonova.com\/paisecatequistas\/wp-json\/wp\/v2\/posts\/18249\/revisions"}],"predecessor-version":[{"id":18265,"href":"https:\/\/blog.cancaonova.com\/paisecatequistas\/wp-json\/wp\/v2\/posts\/18249\/revisions\/18265"}],"wp:featuredmedia":[{"embeddable":true,"href":"https:\/\/blog.cancaonova.com\/paisecatequistas\/wp-json\/wp\/v2\/media\/18257"}],"wp:attachment":[{"href":"https:\/\/blog.cancaonova.com\/paisecatequistas\/wp-json\/wp\/v2\/media?parent=18249"}],"wp:term":[{"taxonomy":"category","embeddable":true,"href":"https:\/\/blog.cancaonova.com\/paisecatequistas\/wp-json\/wp\/v2\/categories?post=18249"},{"taxonomy":"post_tag","embeddable":true,"href":"https:\/\/blog.cancaonova.com\/paisecatequistas\/wp-json\/wp\/v2\/tags?post=18249"}],"curies":[{"name":"wp","href":"https:\/\/api.w.org\/{rel}","templated":true}]}}