{"id":18368,"date":"2024-12-17T11:26:50","date_gmt":"2024-12-17T13:26:50","guid":{"rendered":"https:\/\/blog.cancaonova.com\/paisecatequistas\/?p=18368"},"modified":"2026-02-09T14:07:10","modified_gmt":"2026-02-09T16:07:10","slug":"teatro-o-sonho-de-jonas","status":"publish","type":"post","link":"https:\/\/blog.cancaonova.com\/paisecatequistas\/teatro-o-sonho-de-jonas\/","title":{"rendered":"Jonas, um menino sonhador"},"content":{"rendered":"<p class=\"D6xAvw E44aNA rU8RQQ iExs8A\">O teatro \u00e9 uma forma poderosa de contar hist\u00f3rias, emo\u00e7\u00f5es e inspira\u00e7\u00f5es. Uma dessas hist\u00f3rias que vem emocionando muitos cora\u00e7\u00f5es \u00e9 o &#8220;O Sonho de Jonas&#8221;, onde tia Adelita nos leva a conhecer fatos marcantes da vida de Padre Jonas Abib, destacando a realiza\u00e7\u00e3o dos &#8220;Sonhos de Deus&#8221; em sua vida: a cria\u00e7\u00e3o da Comunidade Can\u00e7\u00e3o Nova.<\/p>\n<h4 class=\"ZVJk9w E44aNA rU8RQQ iExs8A\">A vida de Padre Jonas Abib<\/h4>\n<p class=\"D6xAvw E44aNA rU8RQQ iExs8A\">Padre Jonas Abib foi um vision\u00e1rio, um homem que dedicou sua vida a servir a Deus e ao pr\u00f3ximo. Seu lema sacerdotal \u00e9: &#8220;Feito tudo para todos&#8221; traduz bem o que foi, de fato, sua vida e seu sacerd\u00f3cio. Desde cedo, ele sentiu um chamado para ser padre.<\/p>\n<p>&nbsp;<\/p>\n<p><iframe loading=\"lazy\" title=\"Kair\u00c3\u00b3s Kids 2024 | Teatro - O Sonho de Jonas\" width=\"600\" height=\"338\" src=\"https:\/\/www.youtube.com\/embed\/4rm_EAqa-qY?feature=oembed&amp;rel=0\" frameborder=\"0\" allow=\"accelerometer; autoplay; clipboard-write; encrypted-media; gyroscope; picture-in-picture; web-share\" referrerpolicy=\"strict-origin-when-cross-origin\" allowfullscreen><\/iframe><\/p>\n","protected":false},"excerpt":{"rendered":"<p>O teatro \u00e9 uma forma poderosa de contar hist\u00f3rias, emo\u00e7\u00e3o e inspira\u00e7\u00e3o. Uma dessas hist\u00f3rias que vem emocionando muitos cora\u00e7\u00f5es \u00e9 o &#8220;O Sonho de Jonas&#8221;, onde tia Adelita nos leva a conhecer fatos marcantes da vida de Padre Jonas Abib, destacando a realiza\u00e7\u00e3o dos &#8220;Sonhos de Deus&#8221; em sua vida: a cria\u00e7\u00e3o da Comunidade Can\u00e7\u00e3o Nova. <a href=\"https:\/\/blog.cancaonova.com\/paisecatequistas\/teatro-o-sonho-de-jonas\/\">Continue lendo <span class=\"meta-nav\">&rarr;<\/span><\/a><\/p>\n","protected":false},"author":4340,"featured_media":18369,"comment_status":"closed","ping_status":"closed","sticky":false,"template":"","format":"standard","meta":{"_mi_skip_tracking":false,"_monsterinsights_sitenote_active":false,"_monsterinsights_sitenote_note":"","_monsterinsights_sitenote_category":0,"footnotes":""},"categories":[200710],"tags":[],"_links":{"self":[{"href":"https:\/\/blog.cancaonova.com\/paisecatequistas\/wp-json\/wp\/v2\/posts\/18368"}],"collection":[{"href":"https:\/\/blog.cancaonova.com\/paisecatequistas\/wp-json\/wp\/v2\/posts"}],"about":[{"href":"https:\/\/blog.cancaonova.com\/paisecatequistas\/wp-json\/wp\/v2\/types\/post"}],"author":[{"embeddable":true,"href":"https:\/\/blog.cancaonova.com\/paisecatequistas\/wp-json\/wp\/v2\/users\/4340"}],"replies":[{"embeddable":true,"href":"https:\/\/blog.cancaonova.com\/paisecatequistas\/wp-json\/wp\/v2\/comments?post=18368"}],"version-history":[{"count":6,"href":"https:\/\/blog.cancaonova.com\/paisecatequistas\/wp-json\/wp\/v2\/posts\/18368\/revisions"}],"predecessor-version":[{"id":20120,"href":"https:\/\/blog.cancaonova.com\/paisecatequistas\/wp-json\/wp\/v2\/posts\/18368\/revisions\/20120"}],"wp:featuredmedia":[{"embeddable":true,"href":"https:\/\/blog.cancaonova.com\/paisecatequistas\/wp-json\/wp\/v2\/media\/18369"}],"wp:attachment":[{"href":"https:\/\/blog.cancaonova.com\/paisecatequistas\/wp-json\/wp\/v2\/media?parent=18368"}],"wp:term":[{"taxonomy":"category","embeddable":true,"href":"https:\/\/blog.cancaonova.com\/paisecatequistas\/wp-json\/wp\/v2\/categories?post=18368"},{"taxonomy":"post_tag","embeddable":true,"href":"https:\/\/blog.cancaonova.com\/paisecatequistas\/wp-json\/wp\/v2\/tags?post=18368"}],"curies":[{"name":"wp","href":"https:\/\/api.w.org\/{rel}","templated":true}]}}