{"id":18374,"date":"2024-12-18T09:37:00","date_gmt":"2024-12-18T11:37:00","guid":{"rendered":"https:\/\/blog.cancaonova.com\/paisecatequistas\/?p=18374"},"modified":"2024-12-18T09:54:56","modified_gmt":"2024-12-18T11:54:56","slug":"coroa-do-advento-2","status":"publish","type":"post","link":"https:\/\/blog.cancaonova.com\/paisecatequistas\/coroa-do-advento-2\/","title":{"rendered":"Coroa do Advento"},"content":{"rendered":"<p>Voc\u00ea sabe o que \u00e9 e o que significa a coroa do Advento? Ent\u00e3o, fique atento ao que o Janj\u00e3o vai explicar.<\/p>\n<p><iframe loading=\"lazy\" title=\"Curiosidades sobre o Natal | Coroa do Advento\" width=\"600\" height=\"338\" src=\"https:\/\/www.youtube.com\/embed\/Q_xMwrhVDmM?feature=oembed&amp;rel=0\" frameborder=\"0\" allow=\"accelerometer; autoplay; clipboard-write; encrypted-media; gyroscope; picture-in-picture; web-share\" referrerpolicy=\"strict-origin-when-cross-origin\" allowfullscreen><\/iframe><\/p>\n","protected":false},"excerpt":{"rendered":"<p>Voc\u00ea sabe o que \u00e9 e o que significa a coroa do Advento? Ent\u00e3o fique atendo que o Janj\u00e3o vai explicar.\u00a0 <a href=\"https:\/\/blog.cancaonova.com\/paisecatequistas\/coroa-do-advento-2\/\">Continue lendo <span class=\"meta-nav\">&rarr;<\/span><\/a><\/p>\n","protected":false},"author":4340,"featured_media":18375,"comment_status":"closed","ping_status":"closed","sticky":false,"template":"","format":"standard","meta":{"_mi_skip_tracking":false,"_monsterinsights_sitenote_active":false,"_monsterinsights_sitenote_note":"","_monsterinsights_sitenote_category":0,"footnotes":""},"categories":[200710],"tags":[],"_links":{"self":[{"href":"https:\/\/blog.cancaonova.com\/paisecatequistas\/wp-json\/wp\/v2\/posts\/18374"}],"collection":[{"href":"https:\/\/blog.cancaonova.com\/paisecatequistas\/wp-json\/wp\/v2\/posts"}],"about":[{"href":"https:\/\/blog.cancaonova.com\/paisecatequistas\/wp-json\/wp\/v2\/types\/post"}],"author":[{"embeddable":true,"href":"https:\/\/blog.cancaonova.com\/paisecatequistas\/wp-json\/wp\/v2\/users\/4340"}],"replies":[{"embeddable":true,"href":"https:\/\/blog.cancaonova.com\/paisecatequistas\/wp-json\/wp\/v2\/comments?post=18374"}],"version-history":[{"count":3,"href":"https:\/\/blog.cancaonova.com\/paisecatequistas\/wp-json\/wp\/v2\/posts\/18374\/revisions"}],"predecessor-version":[{"id":18379,"href":"https:\/\/blog.cancaonova.com\/paisecatequistas\/wp-json\/wp\/v2\/posts\/18374\/revisions\/18379"}],"wp:featuredmedia":[{"embeddable":true,"href":"https:\/\/blog.cancaonova.com\/paisecatequistas\/wp-json\/wp\/v2\/media\/18375"}],"wp:attachment":[{"href":"https:\/\/blog.cancaonova.com\/paisecatequistas\/wp-json\/wp\/v2\/media?parent=18374"}],"wp:term":[{"taxonomy":"category","embeddable":true,"href":"https:\/\/blog.cancaonova.com\/paisecatequistas\/wp-json\/wp\/v2\/categories?post=18374"},{"taxonomy":"post_tag","embeddable":true,"href":"https:\/\/blog.cancaonova.com\/paisecatequistas\/wp-json\/wp\/v2\/tags?post=18374"}],"curies":[{"name":"wp","href":"https:\/\/api.w.org\/{rel}","templated":true}]}}