{"id":18383,"date":"2024-12-18T11:49:09","date_gmt":"2024-12-18T13:49:09","guid":{"rendered":"https:\/\/blog.cancaonova.com\/paisecatequistas\/?p=18383"},"modified":"2024-12-18T12:50:34","modified_gmt":"2024-12-18T14:50:34","slug":"santo-estevao-o-primeiro-martir","status":"publish","type":"post","link":"https:\/\/blog.cancaonova.com\/paisecatequistas\/santo-estevao-o-primeiro-martir\/","title":{"rendered":"Santo Estev\u00e3o, o Primeiro M\u00e1rtir"},"content":{"rendered":"<p>Santo Estev\u00e3o, al\u00e9m de ser o primeiro m\u00e1rtir da Igreja, foi tamb\u00e9m um dos primeiros di\u00e1conos. Em atos 6, na B\u00edblia, \u00e9 narrado como isso aconteceu.<\/p>\n<p>A quantidade de crist\u00e3os entre os anos 31 e 36 d.C. estava aumentando, com isso, os homens saiam para pregar. Por\u00e9m, muitas mulheres ficaram vi\u00favas e precisavam de cuidado. Ent\u00e3o, os ap\u00f3stolos pediram que escolhessem 7 homens cheios do Esp\u00edrito Santo para serem esses cuidadores. Estev\u00e3o estava entre eles.<\/p>\n<p>Os Ap\u00f3stolos se reuniram e impuseram as m\u00e3os sobre esses homens e clamaram o Esp\u00edrito Santo. A partir da\u00ed, tornam-se di\u00e1conos, ou seja, eles continuam a pregar o Evangelho, mas tamb\u00e9m cuidariam de suas fam\u00edlias.<\/p>\n<p>Estev\u00e3o era um homem de muita f\u00e9, por isso, atrav\u00e9s de suas prega\u00e7\u00f5es, muitas pessoas se converteram e muitos milagres aconteceram.<\/p>\n<p>As autoridades judaicas n\u00e3o gostam desse feito, e mandaram prender Estev\u00e3o. Ele foi julgado e condenado a ser apedrejado.\u00a0Estev\u00e3o foi morto, pois n\u00e3o renunciou ao Evangelho que pregava em nome de Jesus. Por isso foi o primeiro crist\u00e3o considerado m\u00e1rtir pela Igreja.<\/p>\n<p>Em 415, seus restos mortais foram encontrados e seu dia \u00e9 comemorado logo ap\u00f3s o Natal, 26 de dezembro.<\/p>\n<p><a href=\"http:\/\/blog.cancaonova.com\/paisecatequistas\/files\/2024\/12\/26_12Santo-Estevao.png\"><img loading=\"lazy\" decoding=\"async\" class=\"wp-image-18384 alignnone\" src=\"http:\/\/blog.cancaonova.com\/paisecatequistas\/files\/2024\/12\/26_12Santo-Estevao.png\" alt=\"\" width=\"776\" height=\"776\" srcset=\"https:\/\/blog.cancaonova.com\/paisecatequistas\/files\/2024\/12\/26_12Santo-Estevao.png 1200w, https:\/\/blog.cancaonova.com\/paisecatequistas\/files\/2024\/12\/26_12Santo-Estevao-300x300.png 300w, https:\/\/blog.cancaonova.com\/paisecatequistas\/files\/2024\/12\/26_12Santo-Estevao-150x150.png 150w, https:\/\/blog.cancaonova.com\/paisecatequistas\/files\/2024\/12\/26_12Santo-Estevao-768x768.png 768w\" sizes=\"(max-width: 776px) 100vw, 776px\" \/><\/a><\/p>\n","protected":false},"excerpt":{"rendered":"<p>Santo Estev\u00e3o al\u00e9m de ser o primeiro m\u00e1rtir da Igreja foi tamb\u00e9m um dos primeiros di\u00e1conos. Em atos 6, na B\u00edblia, \u00e9 narrado como isso aconteceu.\u00a0 <a href=\"https:\/\/blog.cancaonova.com\/paisecatequistas\/santo-estevao-o-primeiro-martir\/\">Continue lendo <span class=\"meta-nav\">&rarr;<\/span><\/a><\/p>\n","protected":false},"author":4340,"featured_media":18385,"comment_status":"closed","ping_status":"closed","sticky":false,"template":"","format":"standard","meta":{"_mi_skip_tracking":false,"_monsterinsights_sitenote_active":false,"_monsterinsights_sitenote_note":"","_monsterinsights_sitenote_category":0,"footnotes":""},"categories":[200710],"tags":[],"_links":{"self":[{"href":"https:\/\/blog.cancaonova.com\/paisecatequistas\/wp-json\/wp\/v2\/posts\/18383"}],"collection":[{"href":"https:\/\/blog.cancaonova.com\/paisecatequistas\/wp-json\/wp\/v2\/posts"}],"about":[{"href":"https:\/\/blog.cancaonova.com\/paisecatequistas\/wp-json\/wp\/v2\/types\/post"}],"author":[{"embeddable":true,"href":"https:\/\/blog.cancaonova.com\/paisecatequistas\/wp-json\/wp\/v2\/users\/4340"}],"replies":[{"embeddable":true,"href":"https:\/\/blog.cancaonova.com\/paisecatequistas\/wp-json\/wp\/v2\/comments?post=18383"}],"version-history":[{"count":4,"href":"https:\/\/blog.cancaonova.com\/paisecatequistas\/wp-json\/wp\/v2\/posts\/18383\/revisions"}],"predecessor-version":[{"id":18396,"href":"https:\/\/blog.cancaonova.com\/paisecatequistas\/wp-json\/wp\/v2\/posts\/18383\/revisions\/18396"}],"wp:featuredmedia":[{"embeddable":true,"href":"https:\/\/blog.cancaonova.com\/paisecatequistas\/wp-json\/wp\/v2\/media\/18385"}],"wp:attachment":[{"href":"https:\/\/blog.cancaonova.com\/paisecatequistas\/wp-json\/wp\/v2\/media?parent=18383"}],"wp:term":[{"taxonomy":"category","embeddable":true,"href":"https:\/\/blog.cancaonova.com\/paisecatequistas\/wp-json\/wp\/v2\/categories?post=18383"},{"taxonomy":"post_tag","embeddable":true,"href":"https:\/\/blog.cancaonova.com\/paisecatequistas\/wp-json\/wp\/v2\/tags?post=18383"}],"curies":[{"name":"wp","href":"https:\/\/api.w.org\/{rel}","templated":true}]}}