{"id":18411,"date":"2024-12-19T12:01:25","date_gmt":"2024-12-19T14:01:25","guid":{"rendered":"https:\/\/blog.cancaonova.com\/paisecatequistas\/?p=18411"},"modified":"2024-12-19T12:27:57","modified_gmt":"2024-12-19T14:27:57","slug":"catekids-jubileu-o-que-e","status":"publish","type":"post","link":"https:\/\/blog.cancaonova.com\/paisecatequistas\/catekids-jubileu-o-que-e\/","title":{"rendered":"Catekids - Jubileu, o que \u00e9?"},"content":{"rendered":"<p>O termo Jubileu \u00e9 uma comemora\u00e7\u00e3o que acontece, de 25 em 25 anos, para comemorar a gra\u00e7a e a miseric\u00f3rdia de Deus. Por isso \u00e9 motivo de festa, de nos unirmos em ora\u00e7\u00e3o e peregrina\u00e7\u00e3o junto com ao Santo Papa.<\/p>\n<p>O tema do Jubileu de 2025 ser\u00e1: Peregrinos de Esperan\u00e7a. Tudo isso e muito mais est\u00e1 explicado no v\u00eddeo abaixo.<\/p>\n<p><iframe loading=\"lazy\" title=\"Catekids | Jubileu\" width=\"600\" height=\"338\" src=\"https:\/\/www.youtube.com\/embed\/9WhpO-wvirw?feature=oembed&amp;rel=0\" frameborder=\"0\" allow=\"accelerometer; autoplay; clipboard-write; encrypted-media; gyroscope; picture-in-picture; web-share\" referrerpolicy=\"strict-origin-when-cross-origin\" allowfullscreen><\/iframe><\/p>\n<p>Se gostou desse v\u00eddeo, deixe o seu coment\u00e1rio.<\/p>\n<p>&nbsp;<\/p>\n<p>&nbsp;<\/p>\n","protected":false},"excerpt":{"rendered":"<p>O que \u00e9 o Jubileu para a Igreja Cat\u00f3lica?<\/p>\n<p>O termo Jubileu \u00e9 uma comemora\u00e7\u00e3o que acontece de 25 em 25 anos, para comemorar a gra\u00e7a e a miseric\u00f3rdia de Deus. Por isso \u00e9 motivo de festa, de nos unirmos em ora\u00e7\u00e3o e peregrina\u00e7\u00e3o junto com ao Santo Papa.\u00a0 <a href=\"https:\/\/blog.cancaonova.com\/paisecatequistas\/catekids-jubileu-o-que-e\/\">Continue lendo <span class=\"meta-nav\">&rarr;<\/span><\/a><\/p>\n","protected":false},"author":4340,"featured_media":18413,"comment_status":"closed","ping_status":"closed","sticky":false,"template":"","format":"standard","meta":{"_mi_skip_tracking":false,"_monsterinsights_sitenote_active":false,"_monsterinsights_sitenote_note":"","_monsterinsights_sitenote_category":0,"footnotes":""},"categories":[200710],"tags":[],"_links":{"self":[{"href":"https:\/\/blog.cancaonova.com\/paisecatequistas\/wp-json\/wp\/v2\/posts\/18411"}],"collection":[{"href":"https:\/\/blog.cancaonova.com\/paisecatequistas\/wp-json\/wp\/v2\/posts"}],"about":[{"href":"https:\/\/blog.cancaonova.com\/paisecatequistas\/wp-json\/wp\/v2\/types\/post"}],"author":[{"embeddable":true,"href":"https:\/\/blog.cancaonova.com\/paisecatequistas\/wp-json\/wp\/v2\/users\/4340"}],"replies":[{"embeddable":true,"href":"https:\/\/blog.cancaonova.com\/paisecatequistas\/wp-json\/wp\/v2\/comments?post=18411"}],"version-history":[{"count":7,"href":"https:\/\/blog.cancaonova.com\/paisecatequistas\/wp-json\/wp\/v2\/posts\/18411\/revisions"}],"predecessor-version":[{"id":18423,"href":"https:\/\/blog.cancaonova.com\/paisecatequistas\/wp-json\/wp\/v2\/posts\/18411\/revisions\/18423"}],"wp:featuredmedia":[{"embeddable":true,"href":"https:\/\/blog.cancaonova.com\/paisecatequistas\/wp-json\/wp\/v2\/media\/18413"}],"wp:attachment":[{"href":"https:\/\/blog.cancaonova.com\/paisecatequistas\/wp-json\/wp\/v2\/media?parent=18411"}],"wp:term":[{"taxonomy":"category","embeddable":true,"href":"https:\/\/blog.cancaonova.com\/paisecatequistas\/wp-json\/wp\/v2\/categories?post=18411"},{"taxonomy":"post_tag","embeddable":true,"href":"https:\/\/blog.cancaonova.com\/paisecatequistas\/wp-json\/wp\/v2\/tags?post=18411"}],"curies":[{"name":"wp","href":"https:\/\/api.w.org\/{rel}","templated":true}]}}