{"id":18556,"date":"2025-02-08T10:31:52","date_gmt":"2025-02-08T12:31:52","guid":{"rendered":"https:\/\/blog.cancaonova.com\/paisecatequistas\/?p=18556"},"modified":"2026-02-09T14:01:10","modified_gmt":"2026-02-09T16:01:10","slug":"uma-viagem-inesquecivel","status":"publish","type":"post","link":"https:\/\/blog.cancaonova.com\/paisecatequistas\/uma-viagem-inesquecivel\/","title":{"rendered":"Uma viagem inesquec\u00edvel"},"content":{"rendered":"<div class=\"your-tailwind-classes text-md py-1\">\n<p data-pm-slice=\"1 1 []\">Era o Domingo da Festa de Cristo Rei, e uma viagem come\u00e7ou:<\/p>\n<p data-pm-slice=\"1 1 []\"><em>&#8220;Ou\u00e7o o som do trem que passa.<\/em><\/p>\n<p><em>Recorde que um dia, quem diria?,<\/em><\/p>\n<p><em>O Esp\u00edrito Santo em um trem, o ar de sua gra\u00e7a daria.<\/em><\/p>\n<p><em>L\u00e1 fora, a paisagem a passar.<\/em><\/p>\n<p><em>Dentro do trem, um cora\u00e7\u00e3o forte a bater.<\/em><\/p>\n<p><em>Convidado por Jesus, que n\u00e3o escolhe onde falar.<\/em><\/p>\n<p><em>Pelo vale, atravessando Lorena a Queluz.<\/em><\/p>\n<p><em>O sacerdote \u00e9 rezando, escutando Jesus.<\/em><\/p>\n<p><em>Passam morros e montanhas.<\/em><\/p>\n<p><em>Passam vales e colinas.<\/em><\/p>\n<p><em>E o padre Jonas, com Jesus, continuou a conversar.<\/em><\/p>\n<p><em>&#8211; Pe\u00e7a outra coisa, meu Jesus, deixa a casa, a fam\u00edlia, quem aceitaria?<\/em><\/p>\n<p><em>O pedido de Jesus Ele n\u00e3o conseguia recusar.<\/em><\/p>\n<p><em>Quero, eu quero. Se tu fores, eu vou, Senhor. &#8220;<\/em><\/p>\n<p>Essa \u00e9 a linda hist\u00f3ria que aconteceu com Padre Jonas Abib em um trem que mudou n\u00e3o a sua vida apenas, mas a vida de muitas gera\u00e7\u00f5es at\u00e9 hoje, e assim continuar\u00e1 at\u00e9 que o Senhor venha!<\/p>\n<p><iframe loading=\"lazy\" title=\"Ep. 01 I O Sacerdote e o Trem - Especial Pe. Jonas\" width=\"600\" height=\"338\" src=\"https:\/\/www.youtube.com\/embed\/w05kczvSxwE?feature=oembed&amp;rel=0\" frameborder=\"0\" allow=\"accelerometer; autoplay; clipboard-write; encrypted-media; gyroscope; picture-in-picture; web-share\" referrerpolicy=\"strict-origin-when-cross-origin\" allowfullscreen><\/iframe><\/p>\n<\/div>\n<p>&nbsp;<\/p>\n","protected":false},"excerpt":{"rendered":"<p>historia vivida por Pe Jonas Abib em um trem que mudou a sua vida e a de muitos para sempre <a href=\"https:\/\/blog.cancaonova.com\/paisecatequistas\/uma-viagem-inesquecivel\/\">Continue lendo <span class=\"meta-nav\">&rarr;<\/span><\/a><\/p>\n","protected":false},"author":4340,"featured_media":18557,"comment_status":"closed","ping_status":"closed","sticky":false,"template":"","format":"standard","meta":{"_mi_skip_tracking":false,"_monsterinsights_sitenote_active":false,"_monsterinsights_sitenote_note":"","_monsterinsights_sitenote_category":0,"footnotes":""},"categories":[200710],"tags":[289739,40,27271,51,8181,19322,289738],"_links":{"self":[{"href":"https:\/\/blog.cancaonova.com\/paisecatequistas\/wp-json\/wp\/v2\/posts\/18556"}],"collection":[{"href":"https:\/\/blog.cancaonova.com\/paisecatequistas\/wp-json\/wp\/v2\/posts"}],"about":[{"href":"https:\/\/blog.cancaonova.com\/paisecatequistas\/wp-json\/wp\/v2\/types\/post"}],"author":[{"embeddable":true,"href":"https:\/\/blog.cancaonova.com\/paisecatequistas\/wp-json\/wp\/v2\/users\/4340"}],"replies":[{"embeddable":true,"href":"https:\/\/blog.cancaonova.com\/paisecatequistas\/wp-json\/wp\/v2\/comments?post=18556"}],"version-history":[{"count":5,"href":"https:\/\/blog.cancaonova.com\/paisecatequistas\/wp-json\/wp\/v2\/posts\/18556\/revisions"}],"predecessor-version":[{"id":18568,"href":"https:\/\/blog.cancaonova.com\/paisecatequistas\/wp-json\/wp\/v2\/posts\/18556\/revisions\/18568"}],"wp:featuredmedia":[{"embeddable":true,"href":"https:\/\/blog.cancaonova.com\/paisecatequistas\/wp-json\/wp\/v2\/media\/18557"}],"wp:attachment":[{"href":"https:\/\/blog.cancaonova.com\/paisecatequistas\/wp-json\/wp\/v2\/media?parent=18556"}],"wp:term":[{"taxonomy":"category","embeddable":true,"href":"https:\/\/blog.cancaonova.com\/paisecatequistas\/wp-json\/wp\/v2\/categories?post=18556"},{"taxonomy":"post_tag","embeddable":true,"href":"https:\/\/blog.cancaonova.com\/paisecatequistas\/wp-json\/wp\/v2\/tags?post=18556"}],"curies":[{"name":"wp","href":"https:\/\/api.w.org\/{rel}","templated":true}]}}