{"id":18561,"date":"2025-02-08T12:02:08","date_gmt":"2025-02-08T14:02:08","guid":{"rendered":"https:\/\/blog.cancaonova.com\/paisecatequistas\/?p=18561"},"modified":"2026-02-05T16:24:36","modified_gmt":"2026-02-05T18:24:36","slug":"padre-jonas-ensina-bem-aventurado","status":"publish","type":"post","link":"https:\/\/blog.cancaonova.com\/paisecatequistas\/padre-jonas-ensina-bem-aventurado\/","title":{"rendered":"Padre Jonas ensina: Bem-aventurado!"},"content":{"rendered":"<p>O que \u00e9 ser bem-aventurado?<\/p>\n<p>Padre Jonas nos convida a refletir sobre o verdadeiro significado de ser bem-aventurado. Ele nos lembra que as bem-aventuran\u00e7as v\u00e3o al\u00e9m de promessas de felicidade terrena, s\u00e3o um chamado a viver uma vida de virtudes e amor, porque o nosso Amado est\u00e1 vindo!<\/p>\n<p><iframe loading=\"lazy\" title=\"Pe. Jonas Ensina I Bem-Aventurado\" width=\"600\" height=\"338\" src=\"https:\/\/www.youtube.com\/embed\/0IRV5DYYB3w?feature=oembed&amp;rel=0\" frameborder=\"0\" allow=\"accelerometer; autoplay; clipboard-write; encrypted-media; gyroscope; picture-in-picture; web-share\" referrerpolicy=\"strict-origin-when-cross-origin\" allowfullscreen><\/iframe><\/p>\n","protected":false},"excerpt":{"rendered":"<p>Padre Jonas nos convida a refletir sobre o verdadeiro significado de ser bem-aventurado. Ele nos lembra que as bem-aventuran\u00e7as v\u00e3o al\u00e9m de promessas de felicidade terrena. Elas s\u00e3o chamadas para viver uma vida de virtudes e amor, em sintonia com Jesus. <a href=\"https:\/\/blog.cancaonova.com\/paisecatequistas\/padre-jonas-ensina-bem-aventurado\/\">Continue lendo <span class=\"meta-nav\">&rarr;<\/span><\/a><\/p>\n","protected":false},"author":4340,"featured_media":18562,"comment_status":"closed","ping_status":"closed","sticky":false,"template":"","format":"standard","meta":{"_mi_skip_tracking":false,"_monsterinsights_sitenote_active":false,"_monsterinsights_sitenote_note":"","_monsterinsights_sitenote_category":0,"footnotes":""},"categories":[200710],"tags":[289740,19015,6351,221,18235,8181,6681],"_links":{"self":[{"href":"https:\/\/blog.cancaonova.com\/paisecatequistas\/wp-json\/wp\/v2\/posts\/18561"}],"collection":[{"href":"https:\/\/blog.cancaonova.com\/paisecatequistas\/wp-json\/wp\/v2\/posts"}],"about":[{"href":"https:\/\/blog.cancaonova.com\/paisecatequistas\/wp-json\/wp\/v2\/types\/post"}],"author":[{"embeddable":true,"href":"https:\/\/blog.cancaonova.com\/paisecatequistas\/wp-json\/wp\/v2\/users\/4340"}],"replies":[{"embeddable":true,"href":"https:\/\/blog.cancaonova.com\/paisecatequistas\/wp-json\/wp\/v2\/comments?post=18561"}],"version-history":[{"count":4,"href":"https:\/\/blog.cancaonova.com\/paisecatequistas\/wp-json\/wp\/v2\/posts\/18561\/revisions"}],"predecessor-version":[{"id":20118,"href":"https:\/\/blog.cancaonova.com\/paisecatequistas\/wp-json\/wp\/v2\/posts\/18561\/revisions\/20118"}],"wp:featuredmedia":[{"embeddable":true,"href":"https:\/\/blog.cancaonova.com\/paisecatequistas\/wp-json\/wp\/v2\/media\/18562"}],"wp:attachment":[{"href":"https:\/\/blog.cancaonova.com\/paisecatequistas\/wp-json\/wp\/v2\/media?parent=18561"}],"wp:term":[{"taxonomy":"category","embeddable":true,"href":"https:\/\/blog.cancaonova.com\/paisecatequistas\/wp-json\/wp\/v2\/categories?post=18561"},{"taxonomy":"post_tag","embeddable":true,"href":"https:\/\/blog.cancaonova.com\/paisecatequistas\/wp-json\/wp\/v2\/tags?post=18561"}],"curies":[{"name":"wp","href":"https:\/\/api.w.org\/{rel}","templated":true}]}}