{"id":18571,"date":"2025-02-14T12:48:10","date_gmt":"2025-02-14T14:48:10","guid":{"rendered":"https:\/\/blog.cancaonova.com\/paisecatequistas\/?p=18571"},"modified":"2025-02-14T14:36:14","modified_gmt":"2025-02-14T16:36:14","slug":"jornada-das-virtudes-cartas-e-santo","status":"publish","type":"post","link":"https:\/\/blog.cancaonova.com\/paisecatequistas\/jornada-das-virtudes-cartas-e-santo\/","title":{"rendered":"Jornada das Virtudes - Cartas e Santo"},"content":{"rendered":"<p>J\u00e1 montou o santo que vai ajud\u00e1-lo a conquistar as virtudes deste m\u00eas? E as cartinhas, j\u00e1 recortou?<\/p>\n<p>Ent\u00e3o, n\u00e3o perca mais tempo e monte com a Sarah as pe\u00e7as que vieram na revista Can\u00e7\u00e3o Nova Kids de fevereiro, que \u00e9 sobre a Virtude da Prud\u00eancia.<\/p>\n<p><iframe loading=\"lazy\" title=\"Revista Can\u00c3\u00a7\u00c3\u00a3o Nova Kids | Montagem Fevereiro 2025 - Jornada das Virtudes em: Prud\u00c3\u00aancia\" width=\"600\" height=\"338\" src=\"https:\/\/www.youtube.com\/embed\/qCm7DNc5n8c?feature=oembed&amp;rel=0\" frameborder=\"0\" allow=\"accelerometer; autoplay; clipboard-write; encrypted-media; gyroscope; picture-in-picture; web-share\" referrerpolicy=\"strict-origin-when-cross-origin\" allowfullscreen><\/iframe><\/p>\n","protected":false},"excerpt":{"rendered":"<p>J\u00e1 montou o santo que vai te ajudar a conquistar as virtudes desse m\u00eas? E as cartinhas j\u00e1 recortou?<\/p>\n<p>Ent\u00e3o n\u00e3o perca mais tempo e monte com a Sarah as pe\u00e7as que veio na revista Can\u00e7\u00e3o Nova Kids de Fevereiro que \u00e9 sobre a virtude da prud\u00eancia <a href=\"https:\/\/blog.cancaonova.com\/paisecatequistas\/jornada-das-virtudes-cartas-e-santo\/\">Continue lendo <span class=\"meta-nav\">&rarr;<\/span><\/a><\/p>\n","protected":false},"author":4340,"featured_media":18573,"comment_status":"closed","ping_status":"closed","sticky":false,"template":"","format":"standard","meta":{"_mi_skip_tracking":false,"_monsterinsights_sitenote_active":false,"_monsterinsights_sitenote_note":"","_monsterinsights_sitenote_category":0,"footnotes":""},"categories":[200710],"tags":[],"_links":{"self":[{"href":"https:\/\/blog.cancaonova.com\/paisecatequistas\/wp-json\/wp\/v2\/posts\/18571"}],"collection":[{"href":"https:\/\/blog.cancaonova.com\/paisecatequistas\/wp-json\/wp\/v2\/posts"}],"about":[{"href":"https:\/\/blog.cancaonova.com\/paisecatequistas\/wp-json\/wp\/v2\/types\/post"}],"author":[{"embeddable":true,"href":"https:\/\/blog.cancaonova.com\/paisecatequistas\/wp-json\/wp\/v2\/users\/4340"}],"replies":[{"embeddable":true,"href":"https:\/\/blog.cancaonova.com\/paisecatequistas\/wp-json\/wp\/v2\/comments?post=18571"}],"version-history":[{"count":3,"href":"https:\/\/blog.cancaonova.com\/paisecatequistas\/wp-json\/wp\/v2\/posts\/18571\/revisions"}],"predecessor-version":[{"id":18576,"href":"https:\/\/blog.cancaonova.com\/paisecatequistas\/wp-json\/wp\/v2\/posts\/18571\/revisions\/18576"}],"wp:featuredmedia":[{"embeddable":true,"href":"https:\/\/blog.cancaonova.com\/paisecatequistas\/wp-json\/wp\/v2\/media\/18573"}],"wp:attachment":[{"href":"https:\/\/blog.cancaonova.com\/paisecatequistas\/wp-json\/wp\/v2\/media?parent=18571"}],"wp:term":[{"taxonomy":"category","embeddable":true,"href":"https:\/\/blog.cancaonova.com\/paisecatequistas\/wp-json\/wp\/v2\/categories?post=18571"},{"taxonomy":"post_tag","embeddable":true,"href":"https:\/\/blog.cancaonova.com\/paisecatequistas\/wp-json\/wp\/v2\/tags?post=18571"}],"curies":[{"name":"wp","href":"https:\/\/api.w.org\/{rel}","templated":true}]}}