{"id":18582,"date":"2025-02-26T21:42:48","date_gmt":"2025-02-26T23:42:48","guid":{"rendered":"https:\/\/blog.cancaonova.com\/paisecatequistas\/?p=18582"},"modified":"2026-03-31T14:35:41","modified_gmt":"2026-03-31T16:35:41","slug":"vida-e-caminhar","status":"publish","type":"post","link":"https:\/\/blog.cancaonova.com\/paisecatequistas\/vida-e-caminhar\/","title":{"rendered":"A vida \u00e9 caminhar"},"content":{"rendered":"<p>Um clipe para expressar que a nossa vida \u00e9 caminhar cantando uma nova can\u00e7\u00e3o, sem se cansar, at\u00e9 que venham &#8220;novos c\u00e9us e nova terra&#8221;.<\/p>\n<p>Assim aprendemos e cantamos com padre Jonas Abib. Agora, Sarah canta e convida as crian\u00e7as a cantar tamb\u00e9m.<\/p>\n<p><iframe loading=\"lazy\" title=\"Eu n\u00c3\u00a3o me canso de cantar | Can\u00c3\u00a7\u00c3\u00a3o Nova Kids\" width=\"600\" height=\"338\" src=\"https:\/\/www.youtube.com\/embed\/xIwzRtv8sN8?feature=oembed&amp;rel=0\" frameborder=\"0\" allow=\"accelerometer; autoplay; clipboard-write; encrypted-media; gyroscope; picture-in-picture; web-share\" referrerpolicy=\"strict-origin-when-cross-origin\" allowfullscreen><\/iframe><\/p>\n<p>Letra: <strong>A vida \u00e9 caminhar <\/strong><\/p>\n<p><em>A vida \u00e9 caminhar<\/em><\/p>\n<p>Sou peregrino do amor<\/p>\n<p><em> Vou semear a esperan\u00e7a <\/em><\/p>\n<p><em>Deste mundo que h\u00e1 de vir <\/em><\/p>\n<p><em>E eu n\u00e3o me canso de cantar <\/em><\/p>\n<p><em>A vida \u00e9 caminhar <\/em><\/p>\n<p><em>Sou peregrino do amor <\/em><\/p>\n<p><em>Vou semear a esperan\u00e7a <\/em><\/p>\n<p><em>Deste mundo que h\u00e1 de vir <\/em><\/p>\n<p><em>Eu n\u00e3o me canso de cantar <\/em><\/p>\n<p><em>Mundo novo vem a\u00ed <\/em><\/p>\n<p><em>Gente de coragem vai lutar <\/em><\/p>\n<p><em>A verdade vencer\u00e1 <\/em><\/p>\n<p><em>Quem \u00e9 da verdade saber\u00e1 <\/em><\/p>\n<p><em>E eu n\u00e3o me canso de cantar <\/em><\/p>\n<p><em>A vida \u00e9 caminhar <\/em><\/p>\n<p><em>Sou peregrino do amor <\/em><\/p>\n<p><em>Vou semear a esperan\u00e7a <\/em><\/p>\n<p><em>Deste mundo que h\u00e1 de vir <\/em><\/p>\n<p><em>E eu n\u00e3o me canso de cantar <\/em><\/p>\n<p><em>Gente nova vem dizer <\/em><\/p>\n<p><em>Vive de certezas quem lutou <\/em><\/p>\n<p><em>A justi\u00e7a j\u00e1 brotou <\/em><\/p>\n<p><em>A liberta\u00e7\u00e3o vamos colher <\/em><\/p>\n<p><em>Eu n\u00e3o me canso de cantar <\/em><\/p>\n<p><em>A vida \u00e9 caminhar <\/em><\/p>\n<p><em>Sou peregrino do amor <\/em><\/p>\n<p><em>Vou semear a esperan\u00e7a <\/em><\/p>\n<p><em>Deste mundo que h\u00e1 de vir <\/em><\/p>\n<p><em>E eu n\u00e3o me canso de cantar <\/em><\/p>\n<p><em>Se o trigo n\u00e3o morrer <\/em><\/p>\n<p><em>Fruto n\u00e3o se pode esperar <\/em><\/p>\n<p><em>Hoje \u00e9 dia de plantar <\/em><\/p>\n<p><em>Muita gente em breve vai colher <\/em><\/p>\n<p><em>Eu n\u00e3o me canso de cantar <\/em><\/p>\n<p><em>A vida \u00e9 caminhar <\/em><\/p>\n<p><em>Sou peregrino do amor <\/em><\/p>\n<p><em>Vou semear a esperan\u00e7a <\/em><\/p>\n<p><em>Deste mundo que h\u00e1 de vir <\/em><\/p>\n<p><em>E eu n\u00e3o me canso de cantar <\/em><\/p>\n<p><em>E eu n\u00e3o me canso de cantar <\/em><\/p>\n<p><em>E eu n\u00e3o me canso de cantar <\/em><\/p>\n<p><em>E eu n\u00e3o me canso de cantar <\/em><\/p>\n<p><em>E eu n\u00e3o me canso de cantar <\/em><\/p>\n<p><em>E eu n\u00e3o me canso de cantar <\/em><\/p>\n<p><em>E eu n\u00e3o me canso de cantar <\/em><\/p>\n<p>&nbsp;<\/p>\n","protected":false},"excerpt":{"rendered":"<p>Um novo clipe para expressar que nossa vida \u00e9 caminhar cantando uma nova can\u00e7\u00e3o sem se cansar at\u00e9 que venha &#8220;novos c\u00e9us e nova&#8221;.\u00a0<\/p>\n<p>Assim aprendemos e cantamos com o Padre Jonas Abib e agora Sarah canta e convida as crian\u00e7as a cantarem tamb\u00e9m <a href=\"https:\/\/blog.cancaonova.com\/paisecatequistas\/vida-e-caminhar\/\">Continue lendo <span class=\"meta-nav\">&rarr;<\/span><\/a><\/p>\n","protected":false},"author":4340,"featured_media":18583,"comment_status":"closed","ping_status":"closed","sticky":false,"template":"","format":"standard","meta":{"_mi_skip_tracking":false,"_monsterinsights_sitenote_active":false,"_monsterinsights_sitenote_note":"","_monsterinsights_sitenote_category":0,"footnotes":""},"categories":[200710],"tags":[6351,16619,25768,15792,8181,201095],"_links":{"self":[{"href":"https:\/\/blog.cancaonova.com\/paisecatequistas\/wp-json\/wp\/v2\/posts\/18582"}],"collection":[{"href":"https:\/\/blog.cancaonova.com\/paisecatequistas\/wp-json\/wp\/v2\/posts"}],"about":[{"href":"https:\/\/blog.cancaonova.com\/paisecatequistas\/wp-json\/wp\/v2\/types\/post"}],"author":[{"embeddable":true,"href":"https:\/\/blog.cancaonova.com\/paisecatequistas\/wp-json\/wp\/v2\/users\/4340"}],"replies":[{"embeddable":true,"href":"https:\/\/blog.cancaonova.com\/paisecatequistas\/wp-json\/wp\/v2\/comments?post=18582"}],"version-history":[{"count":6,"href":"https:\/\/blog.cancaonova.com\/paisecatequistas\/wp-json\/wp\/v2\/posts\/18582\/revisions"}],"predecessor-version":[{"id":20288,"href":"https:\/\/blog.cancaonova.com\/paisecatequistas\/wp-json\/wp\/v2\/posts\/18582\/revisions\/20288"}],"wp:featuredmedia":[{"embeddable":true,"href":"https:\/\/blog.cancaonova.com\/paisecatequistas\/wp-json\/wp\/v2\/media\/18583"}],"wp:attachment":[{"href":"https:\/\/blog.cancaonova.com\/paisecatequistas\/wp-json\/wp\/v2\/media?parent=18582"}],"wp:term":[{"taxonomy":"category","embeddable":true,"href":"https:\/\/blog.cancaonova.com\/paisecatequistas\/wp-json\/wp\/v2\/categories?post=18582"},{"taxonomy":"post_tag","embeddable":true,"href":"https:\/\/blog.cancaonova.com\/paisecatequistas\/wp-json\/wp\/v2\/tags?post=18582"}],"curies":[{"name":"wp","href":"https:\/\/api.w.org\/{rel}","templated":true}]}}